{"id":81198,"date":"2016-07-27T11:30:26","date_gmt":"2016-07-27T08:30:26","guid":{"rendered":"http:\/\/www.sana.sy\/tr\/?p=81198"},"modified":"2016-07-28T09:55:56","modified_gmt":"2016-07-28T06:55:56","slug":"teroristlerin-cephane-deposu-havaya-uctu","status":"publish","type":"post","link":"https:\/\/archive.sana.sy\/tr\/?p=81198","title":{"rendered":"Ter\u00f6ristlerin Cephane Deposu Havaya U\u00e7tu"},"content":{"rendered":"<p>HALEP \u2013 Halep Kentinin Beni Zeyd Semtinde bulunan ve Erdo\u011fan rejiminin yan\u0131 s\u0131ra Al Suud rejimine tabi olan ter\u00f6r \u00f6rg\u00fctlere ait bir cephane deposunda b\u00fcy\u00fck bir patlama meydana geldi.<\/p>\n<p>SANA\u2019n\u0131n Halep muhabiri cephane deposunda b\u00fcy\u00fck miktarda ve muhtelif t\u00fcrde silah, m\u00fchimmat ve patlay\u0131c\u0131n\u0131n bulunmas\u0131yla patlaman\u0131n olduk\u00e7a \u015fiddetli oldu\u011funu aktard\u0131.<\/p>\n<p>Beni Zeyd Semtinde bulunan ve geneli Nusra Cephesinin yan\u0131 s\u0131ra Ahrar el \u015eam \u0130slami Hareketi ve Bedir \u015eehitleri T\u00fcmeni ad\u0131yla bilinen ter\u00f6r \u00f6rg\u00fctlere tabi \u00e7eteler s\u00fcrekli olarak Halep Kentinin muhtelif sivil yerle\u015fim alanlar\u0131n\u0131 f\u00fczelerle hedef al\u0131yor.<\/p>\n","protected":false},"excerpt":{"rendered":"<p>HALEP \u2013 Halep Kentinin Beni Zeyd Semtinde bulunan ve Erdo\u011fan rejiminin yan\u0131 s\u0131ra Al Suud rejimine tabi olan ter\u00f6r \u00f6rg\u00fctlere ait bir cephane deposunda b\u00fcy\u00fck bir patlama meydana geldi. SANA\u2019n\u0131n Halep muhabiri cephane deposunda b\u00fcy\u00fck miktarda ve muhtelif t\u00fcrde silah, m\u00fchimmat ve patlay\u0131c\u0131n\u0131n bulunmas\u0131yla patlaman\u0131n olduk\u00e7a \u015fiddetli oldu\u011funu aktard\u0131. Beni Zeyd Semtinde bulunan ve geneli &hellip;<\/p>\n","protected":false},"author":1,"featured_media":81200,"comment_status":"closed","ping_status":"closed","sticky":false,"template":"","format":"standard","meta":{"footnotes":""},"categories":[479,575,17988,478],"tags":[3464,18365,22728,20840,21585,22729,21610,18347,20143],"class_list":["post-81198","post","type-post","status-publish","format-standard","has-post-thumbnail","","category-haberler-yerel","category-olaylar-ve-gercekler","category-son-haberler","category-yerel","tag-nusra-cephesi","tag-ahrar-el-sam","tag-bedir-sehitler","tag-cephane-deposu","tag-halepte-son-durum","tag-havaya-uctu","tag-islami-hareketi","tag-oso","tag-patlama"],"_links":{"self":[{"href":"https:\/\/archive.sana.sy\/tr\/index.php?rest_route=\/wp\/v2\/posts\/81198","targetHints":{"allow":["GET"]}}],"collection":[{"href":"https:\/\/archive.sana.sy\/tr\/index.php?rest_route=\/wp\/v2\/posts"}],"about":[{"href":"https:\/\/archive.sana.sy\/tr\/index.php?rest_route=\/wp\/v2\/types\/post"}],"author":[{"embeddable":true,"href":"https:\/\/archive.sana.sy\/tr\/index.php?rest_route=\/wp\/v2\/users\/1"}],"replies":[{"embeddable":true,"href":"https:\/\/archive.sana.sy\/tr\/index.php?rest_route=%2Fwp%2Fv2%2Fcomments&post=81198"}],"version-history":[{"count":0,"href":"https:\/\/archive.sana.sy\/tr\/index.php?rest_route=\/wp\/v2\/posts\/81198\/revisions"}],"wp:featuredmedia":[{"embeddable":true,"href":"https:\/\/archive.sana.sy\/tr\/index.php?rest_route=\/wp\/v2\/media\/81200"}],"wp:attachment":[{"href":"https:\/\/archive.sana.sy\/tr\/index.php?rest_route=%2Fwp%2Fv2%2Fmedia&parent=81198"}],"wp:term":[{"taxonomy":"category","embeddable":true,"href":"https:\/\/archive.sana.sy\/tr\/index.php?rest_route=%2Fwp%2Fv2%2Fcategories&post=81198"},{"taxonomy":"post_tag","embeddable":true,"href":"https:\/\/archive.sana.sy\/tr\/index.php?rest_route=%2Fwp%2Fv2%2Ftags&post=81198"}],"curies":[{"name":"wp","href":"https:\/\/api.w.org\/{rel}","templated":true}]}}