{"id":81203,"date":"2016-07-27T08:14:35","date_gmt":"2016-07-27T05:14:35","guid":{"rendered":"http:\/\/www.sana.sy\/tr\/?p=81203"},"modified":"2016-07-27T13:36:45","modified_gmt":"2016-07-27T10:36:45","slug":"pusuda-buyuk-miktarda-silah-ve-muhimmat-yakalandi","status":"publish","type":"post","link":"https:\/\/archive.sana.sy\/tr\/?p=81203","title":{"rendered":"Pusuda B\u00fcy\u00fck Miktarda Silah ve M\u00fchimmat Yakaland\u0131"},"content":{"rendered":"<p>HAMA \u2013 G\u00fcvenlik birimleri Hama k\u0131rsal\u0131nda ter\u00f6ristlere kurdu\u011fu pusuda il k\u0131rsal\u0131n\u0131n do\u011fusunda yer alan tekfircilere cephane ta\u015f\u0131yan bir kamyonu \u00e7evirdi.<\/p>\n<p>SANA muhabiri g\u00fcvenlik birimlerinin kamyonda bulunan 2 ter\u00f6risti etkisiz hale getirmeleri ard\u0131ndan i\u00e7inde bulunan termal f\u00fczeler tank mermilerine ilaveten daha ba\u015fka muhtelif t\u00fcr silah ve cephaneyle y\u00fckl\u00fc kamyona el koyduklar\u0131n\u0131 aktard\u0131.<\/p>\n","protected":false},"excerpt":{"rendered":"<p>HAMA \u2013 G\u00fcvenlik birimleri Hama k\u0131rsal\u0131nda ter\u00f6ristlere kurdu\u011fu pusuda il k\u0131rsal\u0131n\u0131n do\u011fusunda yer alan tekfircilere cephane ta\u015f\u0131yan bir kamyonu \u00e7evirdi. SANA muhabiri g\u00fcvenlik birimlerinin kamyonda bulunan 2 ter\u00f6risti etkisiz hale getirmeleri ard\u0131ndan i\u00e7inde bulunan termal f\u00fczeler tank mermilerine ilaveten daha ba\u015fka muhtelif t\u00fcr silah ve cephaneyle y\u00fckl\u00fc kamyona el koyduklar\u0131n\u0131 aktard\u0131.<\/p>\n","protected":false},"author":1,"featured_media":81216,"comment_status":"closed","ping_status":"closed","sticky":false,"template":"","format":"standard","meta":{"footnotes":""},"categories":[479,575,17988,478],"tags":[22730,19287,18237,22731,2930],"class_list":["post-81203","post","type-post","status-publish","format-standard","has-post-thumbnail","","category-haberler-yerel","category-olaylar-ve-gercekler","category-son-haberler","category-yerel","tag-araci-cevirme","tag-cephane-yuklu-arac","tag-cihatcilar","tag-pusu","tag-teroristler"],"_links":{"self":[{"href":"https:\/\/archive.sana.sy\/tr\/index.php?rest_route=\/wp\/v2\/posts\/81203","targetHints":{"allow":["GET"]}}],"collection":[{"href":"https:\/\/archive.sana.sy\/tr\/index.php?rest_route=\/wp\/v2\/posts"}],"about":[{"href":"https:\/\/archive.sana.sy\/tr\/index.php?rest_route=\/wp\/v2\/types\/post"}],"author":[{"embeddable":true,"href":"https:\/\/archive.sana.sy\/tr\/index.php?rest_route=\/wp\/v2\/users\/1"}],"replies":[{"embeddable":true,"href":"https:\/\/archive.sana.sy\/tr\/index.php?rest_route=%2Fwp%2Fv2%2Fcomments&post=81203"}],"version-history":[{"count":0,"href":"https:\/\/archive.sana.sy\/tr\/index.php?rest_route=\/wp\/v2\/posts\/81203\/revisions"}],"wp:featuredmedia":[{"embeddable":true,"href":"https:\/\/archive.sana.sy\/tr\/index.php?rest_route=\/wp\/v2\/media\/81216"}],"wp:attachment":[{"href":"https:\/\/archive.sana.sy\/tr\/index.php?rest_route=%2Fwp%2Fv2%2Fmedia&parent=81203"}],"wp:term":[{"taxonomy":"category","embeddable":true,"href":"https:\/\/archive.sana.sy\/tr\/index.php?rest_route=%2Fwp%2Fv2%2Fcategories&post=81203"},{"taxonomy":"post_tag","embeddable":true,"href":"https:\/\/archive.sana.sy\/tr\/index.php?rest_route=%2Fwp%2Fv2%2Ftags&post=81203"}],"curies":[{"name":"wp","href":"https:\/\/api.w.org\/{rel}","templated":true}]}}