{"id":8121,"date":"2014-08-24T15:31:37","date_gmt":"2014-08-24T12:31:37","guid":{"rendered":"http:\/\/www.sana.sy\/tr\/?p=8121"},"modified":"2014-08-24T16:49:14","modified_gmt":"2014-08-24T13:49:14","slug":"suriye-kadininin-herhangi-bir-zaferde-payi-buyuktur","status":"publish","type":"post","link":"https:\/\/archive.sana.sy\/tr\/?p=8121","title":{"rendered":"Suriye Kad\u0131n\u0131n\u0131n B\u00fct\u00fcn Zaferlerde Pay\u0131 B\u00fcy\u00fckt\u00fcr"},"content":{"rendered":"<p>\u015eAM \u2013 D\u0131\u015fi\u015fleri ve Gurbet\u00e7iler Bakan\u0131 Yard\u0131mc\u0131s\u0131 Faysal Mikdat Suriye&#8217;nin egemenlik, istikrar ve olanaklar\u0131n\u0131 korumak amac\u0131yla g\u00fcn\u00fcm\u00fczde ter\u00f6r \u00f6rg\u00fctlerine kar\u015f\u0131 sava\u015f verdi\u011fini belirtti.<\/p>\n<p>Kad\u0131nlar Genel Birli\u011finin 47. Kurulu\u015f Y\u0131ld\u00f6n\u00fcm\u00fc m\u00fcnasebetiyle bug\u00fcn d\u00fczenledi\u011fi seminerde konu\u015fan Mikdat; Suriye kad\u0131n\u0131n\u0131n ter\u00f6re kar\u015f\u0131 b\u00fct\u00fcn\u00a0zaferlerde pay\u0131n\u0131n b\u00fcy\u00fck oldu\u011funa dikkat \u00e7ekti.<\/p>\n<p>Mikdat insanlar\u0131 vah\u015fice katleden bu ter\u00f6r \u00f6rg\u00fctlerinin yobazl\u0131k ve davran\u0131\u015flar\u0131nda temel olarak kad\u0131n\u0131 kontrol\u00fc alt\u0131nda tutmaya dayand\u0131klar\u0131na dikkat \u00e7ekerek, kad\u0131n\u0131n toplum i\u00e7indeki rol\u00fcn\u00fc kulland\u0131klar\u0131n\u0131 s\u00f6yledi.<\/p>\n<p>Suriye kad\u0131n\u0131n\u0131n ter\u00f6re kar\u015f\u0131 m\u00fccadelede toplumsal rol\u00fcyle birlikte fiili olarak da kat\u0131ld\u0131\u011f\u0131na dikkat \u00e7eken Mikdat; kad\u0131n\u0131n yurtsever rol\u00fcn\u00fcn takdire \u015fayan oldu\u011funu vurgulad\u0131.<\/p>\n<p>Mikdat; Cumhurba\u015fkan\u0131 Be\u015f\u015far el Esad\u2019\u0131n yemin t\u00f6reninde yapt\u0131\u011f\u0131 konu\u015fmay\u0131 hat\u0131rlatarak, ter\u00f6re kar\u015f\u0131 zaferin mutlakl\u0131\u011f\u0131n\u0131 vurgulad\u0131\u011f\u0131n\u0131, vatan\u0131 yeniden yap\u0131land\u0131rma \u00e7izgilerini de belirledi\u011fine dikkat \u00e7ekti.<\/p>\n<div id='gallery-1' class='gallery galleryid-8121 gallery-columns-2 gallery-size-thumbnail'><figure class='gallery-item'>\n\t\t\t<div class='gallery-icon landscape'>\n\t\t\t\t<a href='https:\/\/archive.sana.sy\/tr\/wp-content\/uploads\/2014\/08\/Mikdat-12.jpg'><img loading=\"lazy\" decoding=\"async\" width=\"150\" height=\"100\" src=\"https:\/\/archive.sana.sy\/tr\/wp-content\/uploads\/2014\/08\/Mikdat-12-150x100.jpg\" class=\"attachment-thumbnail size-thumbnail\" alt=\"\" srcset=\"https:\/\/archive.sana.sy\/tr\/wp-content\/uploads\/2014\/08\/Mikdat-12-150x100.jpg 150w, https:\/\/archive.sana.sy\/tr\/wp-content\/uploads\/2014\/08\/Mikdat-12-300x200.jpg 300w, https:\/\/archive.sana.sy\/tr\/wp-content\/uploads\/2014\/08\/Mikdat-12-1024x685.jpg 1024w\" sizes=\"auto, (max-width: 150px) 100vw, 150px\" \/><\/a>\n\t\t\t<\/div><\/figure><figure class='gallery-item'>\n\t\t\t<div class='gallery-icon landscape'>\n\t\t\t\t<a href='https:\/\/archive.sana.sy\/tr\/wp-content\/uploads\/2014\/08\/Mikdat-22.jpg'><img loading=\"lazy\" decoding=\"async\" width=\"150\" height=\"91\" src=\"https:\/\/archive.sana.sy\/tr\/wp-content\/uploads\/2014\/08\/Mikdat-22-150x91.jpg\" class=\"attachment-thumbnail size-thumbnail\" alt=\"\" srcset=\"https:\/\/archive.sana.sy\/tr\/wp-content\/uploads\/2014\/08\/Mikdat-22-150x91.jpg 150w, https:\/\/archive.sana.sy\/tr\/wp-content\/uploads\/2014\/08\/Mikdat-22-300x182.jpg 300w, https:\/\/archive.sana.sy\/tr\/wp-content\/uploads\/2014\/08\/Mikdat-22-1024x622.jpg 1024w\" sizes=\"auto, (max-width: 150px) 100vw, 150px\" \/><\/a>\n\t\t\t<\/div><\/figure>\n\t\t<\/div>\n\n","protected":false},"excerpt":{"rendered":"<p>\u015eAM \u2013 D\u0131\u015fi\u015fleri ve Gurbet\u00e7iler Bakan\u0131 Yard\u0131mc\u0131s\u0131 Faysal Mikdat Suriye&#8217;nin egemenlik, istikrar ve olanaklar\u0131n\u0131 korumak amac\u0131yla g\u00fcn\u00fcm\u00fczde ter\u00f6r \u00f6rg\u00fctlerine kar\u015f\u0131 sava\u015f verdi\u011fini belirtti. Kad\u0131nlar Genel Birli\u011finin 47. Kurulu\u015f Y\u0131ld\u00f6n\u00fcm\u00fc m\u00fcnasebetiyle bug\u00fcn d\u00fczenledi\u011fi seminerde konu\u015fan Mikdat; Suriye kad\u0131n\u0131n\u0131n ter\u00f6re kar\u015f\u0131 b\u00fct\u00fcn\u00a0zaferlerde pay\u0131n\u0131n b\u00fcy\u00fck oldu\u011funa dikkat \u00e7ekti. Mikdat insanlar\u0131 vah\u015fice katleden bu ter\u00f6r \u00f6rg\u00fctlerinin yobazl\u0131k ve davran\u0131\u015flar\u0131nda &hellip;<\/p>\n","protected":false},"author":1,"featured_media":8122,"comment_status":"closed","ping_status":"closed","sticky":false,"template":"","format":"standard","meta":{"footnotes":""},"categories":[479,447,478],"tags":[1818,1812],"class_list":["post-8121","post","type-post","status-publish","format-standard","has-post-thumbnail","","category-haberler-yerel","category-politika","category-yerel","tag-suriye-kadininin-butun-zaferlerde-payi-buyuktur","tag-suriye-kadininin-herhangi-bir-zaferde-payi-buyuktur"],"_links":{"self":[{"href":"https:\/\/archive.sana.sy\/tr\/index.php?rest_route=\/wp\/v2\/posts\/8121","targetHints":{"allow":["GET"]}}],"collection":[{"href":"https:\/\/archive.sana.sy\/tr\/index.php?rest_route=\/wp\/v2\/posts"}],"about":[{"href":"https:\/\/archive.sana.sy\/tr\/index.php?rest_route=\/wp\/v2\/types\/post"}],"author":[{"embeddable":true,"href":"https:\/\/archive.sana.sy\/tr\/index.php?rest_route=\/wp\/v2\/users\/1"}],"replies":[{"embeddable":true,"href":"https:\/\/archive.sana.sy\/tr\/index.php?rest_route=%2Fwp%2Fv2%2Fcomments&post=8121"}],"version-history":[{"count":0,"href":"https:\/\/archive.sana.sy\/tr\/index.php?rest_route=\/wp\/v2\/posts\/8121\/revisions"}],"wp:featuredmedia":[{"embeddable":true,"href":"https:\/\/archive.sana.sy\/tr\/index.php?rest_route=\/wp\/v2\/media\/8122"}],"wp:attachment":[{"href":"https:\/\/archive.sana.sy\/tr\/index.php?rest_route=%2Fwp%2Fv2%2Fmedia&parent=8121"}],"wp:term":[{"taxonomy":"category","embeddable":true,"href":"https:\/\/archive.sana.sy\/tr\/index.php?rest_route=%2Fwp%2Fv2%2Fcategories&post=8121"},{"taxonomy":"post_tag","embeddable":true,"href":"https:\/\/archive.sana.sy\/tr\/index.php?rest_route=%2Fwp%2Fv2%2Ftags&post=8121"}],"curies":[{"name":"wp","href":"https:\/\/api.w.org\/{rel}","templated":true}]}}