{"id":81243,"date":"2016-07-27T15:19:15","date_gmt":"2016-07-27T12:19:15","guid":{"rendered":"http:\/\/www.sana.sy\/tr\/?p=81243"},"modified":"2016-07-28T13:12:34","modified_gmt":"2016-07-28T10:12:34","slug":"tum-yol-ve-gecitler-kapatildi","status":"publish","type":"post","link":"https:\/\/archive.sana.sy\/tr\/?p=81243","title":{"rendered":"T\u00fcm Yol ve Ge\u00e7itler Kapat\u0131ld\u0131"},"content":{"rendered":"<p>\u015eAM \u2013 Ordu ve Silahl\u0131 Kuvvetler Genel Komutanl\u0131\u011f\u0131 bug\u00fcn yay\u0131nlad\u0131\u011f\u0131 ve SANA\u2019n\u0131n bir n\u00fcshas\u0131n\u0131 ald\u0131\u011f\u0131 ordu beyan\u0131nda; ordu birliklerimizin destek\u00e7i g\u00fc\u00e7lerle i\u015fbirli\u011fi i\u00e7inde Halep\u2019in kuzey b\u00f6lgelerinde kendilerine verilen askeri g\u00f6revleri ba\u015far\u0131yla ger\u00e7ekle\u015ftirdiklerini belirtti.<\/p>\n<p>Genel Komutanl\u0131k beyan\u0131nda ordu birliklerimizin ter\u00f6ristlerin, g\u00fcven i\u00e7inde ya\u015fayan vatanda\u015flara sald\u0131rma ve katliamlarda bulunma amac\u0131yla Halep Kentinin do\u011fu semtlerine kiral\u0131k ter\u00f6ristler, silah, m\u00fchimmat ve daha ba\u015fka destek ge\u00e7irmede kulland\u0131klar\u0131 t\u00fcm yol ve ge\u00e7itleri kestiklerini vurgulad\u0131.<\/p>\n<p>\u0130stisnas\u0131z t\u00fcm vatanda\u015flar\u0131n can ve mal g\u00fcvenli\u011fine s\u0131k\u0131 \u00f6zeninin alt\u0131n\u0131 \u00e7izen Genel Komutanl\u0131k; Halep\u2019te \u00e7at\u0131\u015fmalar\u0131n durdurulmas\u0131 birlikte y\u0131k\u0131m ve \u00f6l\u00fcme son verip istikrar\u0131n yeniden sa\u011flanmas\u0131nda t\u00fcm vatanda\u015flar\u0131 ordu birliklerimiz ile i\u015fbirli\u011fine \u00e7a\u011f\u0131rd\u0131. Genel komutanl\u0131k t\u00fcm vatanda\u015flar\u0131 ayn\u0131 zamanda Halep\u2019te istikrar ve g\u00fcvenli\u011fin sa\u011flanmas\u0131, elektrik, su, hastane, okul ve benzeri hizmetlerin yeniden normal seyrine d\u00f6nmesine katk\u0131 sa\u011flamalar\u0131na davet etti.<\/p>\n<p>Kanlar\u0131n ak\u0131t\u0131lmas\u0131na son verilmesi \u00f6zeni kapsam\u0131nda Halep Kentinin do\u011fusunda silah ta\u015f\u0131yan her vatanda\u015f\u0131 silah\u0131n\u0131 teslim edip normal ya\u015fam\u0131na d\u00f6nmesi i\u00e7in ger\u00e7ek bir f\u0131rsat tan\u0131nd\u0131\u011f\u0131n\u0131n alt\u0131n\u0131 \u00e7izen Genel Komutanl\u0131k; silahlar\u0131n\u0131 teslim etmeleri ard\u0131ndan isteyenlerin Halep\u2019te kal\u0131p normal ya\u015famlar\u0131na d\u00f6nebileceklerini, ya da Halep Kentinden g\u00fcvenli bir \u015fekilde ayr\u0131labileceklerini ifade etti.<\/p>\n<p>Beyan\u0131n\u0131n sonunda ordu birliklerimizin yurdun her kar\u0131\u015f topra\u011f\u0131n\u0131 ter\u00f6rden temizlemekle birlikte ulusal egemenli\u011fin yan\u0131 s\u0131ra vatanda\u015flar\u0131n can ve mal g\u00fcvenli\u011fini temin etme azim ve kararl\u0131l\u0131\u011f\u0131n\u0131n alt\u0131n\u0131 \u00e7izerken, herkesi mant\u0131k ve ulusal \u00e7\u0131karlar\u0131 \u00fcst\u00fcn tutmaya \u00e7a\u011f\u0131rd\u0131.<\/p>\n<p>R.H.<\/p>\n","protected":false},"excerpt":{"rendered":"<p>\u015eAM \u2013 Ordu ve Silahl\u0131 Kuvvetler Genel Komutanl\u0131\u011f\u0131 bug\u00fcn yay\u0131nlad\u0131\u011f\u0131 ve SANA\u2019n\u0131n bir n\u00fcshas\u0131n\u0131 ald\u0131\u011f\u0131 ordu beyan\u0131nda; ordu birliklerimizin destek\u00e7i g\u00fc\u00e7lerle i\u015fbirli\u011fi i\u00e7inde Halep\u2019in kuzey b\u00f6lgelerinde kendilerine verilen askeri g\u00f6revleri ba\u015far\u0131yla ger\u00e7ekle\u015ftirdiklerini belirtti. Genel Komutanl\u0131k beyan\u0131nda ordu birliklerimizin ter\u00f6ristlerin, g\u00fcven i\u00e7inde ya\u015fayan vatanda\u015flara sald\u0131rma ve katliamlarda bulunma amac\u0131yla Halep Kentinin do\u011fu semtlerine kiral\u0131k ter\u00f6ristler, silah, &hellip;<\/p>\n","protected":false},"author":1,"featured_media":76730,"comment_status":"closed","ping_status":"closed","sticky":false,"template":"","format":"standard","meta":{"footnotes":""},"categories":[479,575,17988,478],"tags":[18237,21585,11549,19043],"class_list":["post-81243","post","type-post","status-publish","format-standard","has-post-thumbnail","","category-haberler-yerel","category-olaylar-ve-gercekler","category-son-haberler","category-yerel","tag-cihatcilar","tag-halepte-son-durum","tag-suriye-ordusu","tag-suriyede-son-durum"],"_links":{"self":[{"href":"https:\/\/archive.sana.sy\/tr\/index.php?rest_route=\/wp\/v2\/posts\/81243","targetHints":{"allow":["GET"]}}],"collection":[{"href":"https:\/\/archive.sana.sy\/tr\/index.php?rest_route=\/wp\/v2\/posts"}],"about":[{"href":"https:\/\/archive.sana.sy\/tr\/index.php?rest_route=\/wp\/v2\/types\/post"}],"author":[{"embeddable":true,"href":"https:\/\/archive.sana.sy\/tr\/index.php?rest_route=\/wp\/v2\/users\/1"}],"replies":[{"embeddable":true,"href":"https:\/\/archive.sana.sy\/tr\/index.php?rest_route=%2Fwp%2Fv2%2Fcomments&post=81243"}],"version-history":[{"count":0,"href":"https:\/\/archive.sana.sy\/tr\/index.php?rest_route=\/wp\/v2\/posts\/81243\/revisions"}],"wp:featuredmedia":[{"embeddable":true,"href":"https:\/\/archive.sana.sy\/tr\/index.php?rest_route=\/wp\/v2\/media\/76730"}],"wp:attachment":[{"href":"https:\/\/archive.sana.sy\/tr\/index.php?rest_route=%2Fwp%2Fv2%2Fmedia&parent=81243"}],"wp:term":[{"taxonomy":"category","embeddable":true,"href":"https:\/\/archive.sana.sy\/tr\/index.php?rest_route=%2Fwp%2Fv2%2Fcategories&post=81243"},{"taxonomy":"post_tag","embeddable":true,"href":"https:\/\/archive.sana.sy\/tr\/index.php?rest_route=%2Fwp%2Fv2%2Ftags&post=81243"}],"curies":[{"name":"wp","href":"https:\/\/api.w.org\/{rel}","templated":true}]}}