{"id":81245,"date":"2016-07-27T18:27:11","date_gmt":"2016-07-27T15:27:11","guid":{"rendered":"http:\/\/www.sana.sy\/tr\/?p=81245"},"modified":"2016-07-28T14:51:42","modified_gmt":"2016-07-28T11:51:42","slug":"isteyen-normal-yasamina-donebilir-isteyen-de-siyasi-faaliyetlere-katilir","status":"publish","type":"post","link":"https:\/\/archive.sana.sy\/tr\/?p=81245","title":{"rendered":"\u0130steyen Normal Ya\u015fam\u0131na D\u00f6nebilir, \u0130steyen de Siyasi Faaliyetlere Kat\u0131l\u0131r (video)"},"content":{"rendered":"<p>\u015eAM \u2013 Cumhurba\u015fkan\u0131 Be\u015f\u015far el Esad Yunan ITV Kanal\u0131n\u0131n; \u2018zafer kazanmas\u0131 halinde genel af karar\u0131 \u00e7\u0131kar\u0131p \u00e7\u0131karmayaca\u011f\u0131 sorusuna cevab\u0131nda:<\/p>\n<p>\u201cDaha \u00f6nemli olan benim de\u011fil, Suriye halk\u0131n\u0131n zaferidir, \u00e7\u00fcnk\u00fc sava\u015f, Suriye halk\u0131na y\u00f6nelik bir sava\u015ft\u0131r. Fakat genel aftan s\u00f6z edecek olursak, zaten b\u00f6yle bir karar \u015fu an mevcut ve uygulanmaktad\u0131r. Suriye&#8217;de olaylar\u0131n ba\u015flamad\u0131\u011f\u0131 anlardan itibaren ter\u00f6ristlere b\u00f6yle bir \u015fans tan\u0131nd\u0131..\u201d ifadesini kulland\u0131.<\/p>\n<p>Devlete kar\u015f\u0131 silah ta\u015f\u0131yan ve bu silah\u0131 b\u0131rakmak isteyen herkesin \u00f6n\u00fcnde af f\u0131rsat\u0131n\u0131n bulundu\u011funa dikkat \u00e7eken el Esad, \u00fc\u00e7 y\u0131ldan beri bu uygulaman\u0131n fiilen mevcut oldu\u011funu s\u00f6yledi. Muhtelif nedenlerden dolay\u0131 silah ta\u015f\u0131yan t\u00fcm Suriyelilere silahlar\u0131n\u0131 b\u0131rakma ve normal ya\u015famlar\u0131na d\u00f6nem f\u0131rsat\u0131n\u0131n verildi\u011fini belirten el Esad; kendilerine has ajandalar\u0131 olmas\u0131 halinde siyasi ya\u015fama da d\u00f6nebileceklerinin kesin oldu\u011funu ifade etti. El Esad isteyenlerin, silahlar\u0131n\u0131 b\u0131rakmalar\u0131 ard\u0131ndan her \u00fclkede oldu\u011fu gibi se\u00e7im sand\u0131klar\u0131na, siyasi faaliyet ve kurumlara ya da yasal ve legal her t\u00fcrl\u00fc siyasi faaliyete kat\u0131labileceklerini s\u00f6yledi.<\/p>\n<p>Bu arada Cumhurba\u015fkan\u0131 el Esad\u2019\u0131n krizin ba\u015f\u0131ndan beri onaylad\u0131\u011f\u0131 bir dizi af karar\u0131 kapsam\u0131nda binlerce ki\u015fi bu karardan faydalan\u0131p bir k\u0131sm\u0131 normal ya\u015fam\u0131na ve ailesine geri d\u00f6nerken, bir k\u0131sm\u0131 da yeniden ordu birliklerimize destek ba\u011flam\u0131nda ter\u00f6re kar\u015f\u0131 sava\u015fa kat\u0131ld\u0131. \u0130lgili kurumlar da muhtelif b\u00f6lgelerde bulunan ulusal uzla\u015fma komiteleri ile i\u015fbirli\u011fi i\u00e7inde bir dizi b\u00f6lgede yine binlerce ki\u015finin silah\u0131n\u0131 b\u0131rakmas\u0131 ard\u0131ndan kanuni durumlar\u0131n\u0131 yeniden d\u00fczenledi.<\/p>\n<p>https:\/\/www.youtube.com\/watch?time_continue=1&#038;v=AmLFcRZte4g<\/p>\n","protected":false},"excerpt":{"rendered":"<p>\u015eAM \u2013 Cumhurba\u015fkan\u0131 Be\u015f\u015far el Esad Yunan ITV Kanal\u0131n\u0131n; \u2018zafer kazanmas\u0131 halinde genel af karar\u0131 \u00e7\u0131kar\u0131p \u00e7\u0131karmayaca\u011f\u0131 sorusuna cevab\u0131nda: \u201cDaha \u00f6nemli olan benim de\u011fil, Suriye halk\u0131n\u0131n zaferidir, \u00e7\u00fcnk\u00fc sava\u015f, Suriye halk\u0131na y\u00f6nelik bir sava\u015ft\u0131r. Fakat genel aftan s\u00f6z edecek olursak, zaten b\u00f6yle bir karar \u015fu an mevcut ve uygulanmaktad\u0131r. Suriye&#8217;de olaylar\u0131n ba\u015flamad\u0131\u011f\u0131 anlardan itibaren ter\u00f6ristlere &hellip;<\/p>\n","protected":false},"author":1,"featured_media":81250,"comment_status":"closed","ping_status":"closed","sticky":false,"template":"","format":"standard","meta":{"footnotes":""},"categories":[479,609,605,17988,478],"tags":[16402,22737,22736,22738],"class_list":["post-81245","post","type-post","status-publish","format-standard","has-post-thumbnail","","category-haberler-yerel","category-konusmalar","category-sayin-cumhurbaskani","category-son-haberler","category-yerel","tag-cumhurbaskani-bessar-el-esad","tag-isteyen-de-siyasi-faaliyetlere-katilir","tag-isteyen-normal-yasamina-donebilir","tag-yunan-itv-kanalinin"],"_links":{"self":[{"href":"https:\/\/archive.sana.sy\/tr\/index.php?rest_route=\/wp\/v2\/posts\/81245","targetHints":{"allow":["GET"]}}],"collection":[{"href":"https:\/\/archive.sana.sy\/tr\/index.php?rest_route=\/wp\/v2\/posts"}],"about":[{"href":"https:\/\/archive.sana.sy\/tr\/index.php?rest_route=\/wp\/v2\/types\/post"}],"author":[{"embeddable":true,"href":"https:\/\/archive.sana.sy\/tr\/index.php?rest_route=\/wp\/v2\/users\/1"}],"replies":[{"embeddable":true,"href":"https:\/\/archive.sana.sy\/tr\/index.php?rest_route=%2Fwp%2Fv2%2Fcomments&post=81245"}],"version-history":[{"count":0,"href":"https:\/\/archive.sana.sy\/tr\/index.php?rest_route=\/wp\/v2\/posts\/81245\/revisions"}],"wp:featuredmedia":[{"embeddable":true,"href":"https:\/\/archive.sana.sy\/tr\/index.php?rest_route=\/wp\/v2\/media\/81250"}],"wp:attachment":[{"href":"https:\/\/archive.sana.sy\/tr\/index.php?rest_route=%2Fwp%2Fv2%2Fmedia&parent=81245"}],"wp:term":[{"taxonomy":"category","embeddable":true,"href":"https:\/\/archive.sana.sy\/tr\/index.php?rest_route=%2Fwp%2Fv2%2Fcategories&post=81245"},{"taxonomy":"post_tag","embeddable":true,"href":"https:\/\/archive.sana.sy\/tr\/index.php?rest_route=%2Fwp%2Fv2%2Ftags&post=81245"}],"curies":[{"name":"wp","href":"https:\/\/api.w.org\/{rel}","templated":true}]}}