{"id":8129,"date":"2014-08-24T15:53:51","date_gmt":"2014-08-24T12:53:51","guid":{"rendered":"http:\/\/www.sana.sy\/tr\/?p=8129"},"modified":"2014-08-24T15:53:51","modified_gmt":"2014-08-24T12:53:51","slug":"nassar-art-sanat-galerisi-gelecek-nesillere-yeni-olanaklar-sunuyor","status":"publish","type":"post","link":"https:\/\/archive.sana.sy\/tr\/?p=8129","title":{"rendered":"Nassar Art Sanat Galerisi Gelecek Nesillere Yeni Olanaklar Sunuyor"},"content":{"rendered":"<p>\u015eAM \u2013 Plastik Sanat Sanat\u00e7\u0131s\u0131 Enes Nassar bug\u00fcn resim, heykel ve daha bir\u00e7ok sanat alan\u0131ndan eserlerin sanatseverlerin be\u011fenisine sunuldu\u011fu bir sanat sergisiyle Nassar Art Sanat Galerisinin a\u00e7\u0131l\u0131\u015f\u0131n\u0131 ilan etti.<\/p>\n<p>Suriyeli sanat\u00e7\u0131lar\u0131n b\u00fcy\u00fck bir k\u0131sm\u0131n\u0131n ilham kayna\u011f\u0131 olan Eski \u015eam Kentinde a\u00e7\u0131lan Nassar Art Sanat Galerisi, gen\u00e7 sanat\u00e7\u0131lar\u0131n kendilerini ifade etmeleri ve geli\u015ftirmeleri i\u00e7in yeni bir olanak anlam\u0131na geliyor.<\/p>\n<p>Sanata duydu\u011fu sevgi ve sanat galerisini a\u00e7man i\u00e7in harcad\u0131\u011f\u0131 \u00e7aban\u0131n gururunu ya\u015fayan Sanat\u00e7\u0131 Nassar; sanat galerisinin, \u00fclkenin zor ko\u015fullar ya\u015famakta oldu\u011fu bu s\u00fcre\u00e7te a\u00e7\u0131lmas\u0131n\u0131n kendisi i\u00e7in ayr\u0131 bir \u00f6nem ve ayr\u0131cal\u0131\u011fa sahip oldu\u011funu dile getirdi.<\/p>\n<p>\u00dclkede ya\u015fanan olaylar nedeniyle bir\u00e7ok sanat\u00e7\u0131n\u0131n at\u00f6lyelerine kilit vurdu\u011fu bu d\u00f6nemde yeni bir sanat galerisi a\u00e7arak halka ve di\u011fer sanat\u00e7\u0131 arkada\u015flar\u0131na umut kayna\u011f\u0131 olmaktan b\u00fcy\u00fck gurur duydu\u011funu ifade eden Nassar; ayr\u0131ca yeni nesil sanat\u00e7\u0131lara da burada kendilerini ifade edebilecekleri yeni bir alan sunmay\u0131 ama\u00e7lad\u0131\u011f\u0131n\u0131 belirtti.<\/p>\n<div id='gallery-1' class='gallery galleryid-8129 gallery-columns-2 gallery-size-thumbnail'><figure class='gallery-item'>\n\t\t\t<div class='gallery-icon landscape'>\n\t\t\t\t<a href='https:\/\/archive.sana.sy\/tr\/wp-content\/uploads\/2014\/08\/sanat-1.jpg'><img loading=\"lazy\" decoding=\"async\" width=\"150\" height=\"100\" src=\"https:\/\/archive.sana.sy\/tr\/wp-content\/uploads\/2014\/08\/sanat-1-150x100.jpg\" class=\"attachment-thumbnail size-thumbnail\" alt=\"\" srcset=\"https:\/\/archive.sana.sy\/tr\/wp-content\/uploads\/2014\/08\/sanat-1-150x100.jpg 150w, https:\/\/archive.sana.sy\/tr\/wp-content\/uploads\/2014\/08\/sanat-1-300x200.jpg 300w, https:\/\/archive.sana.sy\/tr\/wp-content\/uploads\/2014\/08\/sanat-1-1024x682.jpg 1024w\" sizes=\"auto, (max-width: 150px) 100vw, 150px\" \/><\/a>\n\t\t\t<\/div><\/figure><figure class='gallery-item'>\n\t\t\t<div class='gallery-icon landscape'>\n\t\t\t\t<a href='https:\/\/archive.sana.sy\/tr\/wp-content\/uploads\/2014\/08\/sanat-2.jpg'><img loading=\"lazy\" decoding=\"async\" width=\"150\" height=\"100\" src=\"https:\/\/archive.sana.sy\/tr\/wp-content\/uploads\/2014\/08\/sanat-2-150x100.jpg\" class=\"attachment-thumbnail size-thumbnail\" alt=\"\" srcset=\"https:\/\/archive.sana.sy\/tr\/wp-content\/uploads\/2014\/08\/sanat-2-150x100.jpg 150w, https:\/\/archive.sana.sy\/tr\/wp-content\/uploads\/2014\/08\/sanat-2-300x200.jpg 300w, https:\/\/archive.sana.sy\/tr\/wp-content\/uploads\/2014\/08\/sanat-2-1024x682.jpg 1024w\" sizes=\"auto, (max-width: 150px) 100vw, 150px\" \/><\/a>\n\t\t\t<\/div><\/figure><figure class='gallery-item'>\n\t\t\t<div class='gallery-icon landscape'>\n\t\t\t\t<a href='https:\/\/archive.sana.sy\/tr\/wp-content\/uploads\/2014\/08\/sanat-3.jpg'><img loading=\"lazy\" decoding=\"async\" width=\"150\" height=\"100\" src=\"https:\/\/archive.sana.sy\/tr\/wp-content\/uploads\/2014\/08\/sanat-3-150x100.jpg\" class=\"attachment-thumbnail size-thumbnail\" alt=\"\" srcset=\"https:\/\/archive.sana.sy\/tr\/wp-content\/uploads\/2014\/08\/sanat-3-150x100.jpg 150w, https:\/\/archive.sana.sy\/tr\/wp-content\/uploads\/2014\/08\/sanat-3-300x200.jpg 300w, https:\/\/archive.sana.sy\/tr\/wp-content\/uploads\/2014\/08\/sanat-3-1024x682.jpg 1024w\" sizes=\"auto, (max-width: 150px) 100vw, 150px\" \/><\/a>\n\t\t\t<\/div><\/figure><figure class='gallery-item'>\n\t\t\t<div class='gallery-icon landscape'>\n\t\t\t\t<a href='https:\/\/archive.sana.sy\/tr\/wp-content\/uploads\/2014\/08\/sanat-4.jpg'><img loading=\"lazy\" decoding=\"async\" width=\"150\" height=\"100\" src=\"https:\/\/archive.sana.sy\/tr\/wp-content\/uploads\/2014\/08\/sanat-4-150x100.jpg\" class=\"attachment-thumbnail size-thumbnail\" alt=\"\" srcset=\"https:\/\/archive.sana.sy\/tr\/wp-content\/uploads\/2014\/08\/sanat-4-150x100.jpg 150w, https:\/\/archive.sana.sy\/tr\/wp-content\/uploads\/2014\/08\/sanat-4-300x200.jpg 300w, https:\/\/archive.sana.sy\/tr\/wp-content\/uploads\/2014\/08\/sanat-4-1024x682.jpg 1024w\" sizes=\"auto, (max-width: 150px) 100vw, 150px\" \/><\/a>\n\t\t\t<\/div><\/figure>\n\t\t<\/div>\n\n","protected":false},"excerpt":{"rendered":"<p>\u015eAM \u2013 Plastik Sanat Sanat\u00e7\u0131s\u0131 Enes Nassar bug\u00fcn resim, heykel ve daha bir\u00e7ok sanat alan\u0131ndan eserlerin sanatseverlerin be\u011fenisine sunuldu\u011fu bir sanat sergisiyle Nassar Art Sanat Galerisinin a\u00e7\u0131l\u0131\u015f\u0131n\u0131 ilan etti. Suriyeli sanat\u00e7\u0131lar\u0131n b\u00fcy\u00fck bir k\u0131sm\u0131n\u0131n ilham kayna\u011f\u0131 olan Eski \u015eam Kentinde a\u00e7\u0131lan Nassar Art Sanat Galerisi, gen\u00e7 sanat\u00e7\u0131lar\u0131n kendilerini ifade etmeleri ve geli\u015ftirmeleri i\u00e7in yeni bir &hellip;<\/p>\n","protected":false},"author":1,"featured_media":8130,"comment_status":"closed","ping_status":"closed","sticky":false,"template":"","format":"standard","meta":{"footnotes":""},"categories":[479,511,525,478],"tags":[1816],"class_list":["post-8129","post","type-post","status-publish","format-standard","has-post-thumbnail","","category-haberler-yerel","category-kultur-ve-sanat","category-toplum","category-yerel","tag-nassar-art-sanat-galerisi-gelecek-nesillere-yeni-olanaklar-sunuyor"],"_links":{"self":[{"href":"https:\/\/archive.sana.sy\/tr\/index.php?rest_route=\/wp\/v2\/posts\/8129","targetHints":{"allow":["GET"]}}],"collection":[{"href":"https:\/\/archive.sana.sy\/tr\/index.php?rest_route=\/wp\/v2\/posts"}],"about":[{"href":"https:\/\/archive.sana.sy\/tr\/index.php?rest_route=\/wp\/v2\/types\/post"}],"author":[{"embeddable":true,"href":"https:\/\/archive.sana.sy\/tr\/index.php?rest_route=\/wp\/v2\/users\/1"}],"replies":[{"embeddable":true,"href":"https:\/\/archive.sana.sy\/tr\/index.php?rest_route=%2Fwp%2Fv2%2Fcomments&post=8129"}],"version-history":[{"count":0,"href":"https:\/\/archive.sana.sy\/tr\/index.php?rest_route=\/wp\/v2\/posts\/8129\/revisions"}],"wp:featuredmedia":[{"embeddable":true,"href":"https:\/\/archive.sana.sy\/tr\/index.php?rest_route=\/wp\/v2\/media\/8130"}],"wp:attachment":[{"href":"https:\/\/archive.sana.sy\/tr\/index.php?rest_route=%2Fwp%2Fv2%2Fmedia&parent=8129"}],"wp:term":[{"taxonomy":"category","embeddable":true,"href":"https:\/\/archive.sana.sy\/tr\/index.php?rest_route=%2Fwp%2Fv2%2Fcategories&post=8129"},{"taxonomy":"post_tag","embeddable":true,"href":"https:\/\/archive.sana.sy\/tr\/index.php?rest_route=%2Fwp%2Fv2%2Ftags&post=8129"}],"curies":[{"name":"wp","href":"https:\/\/api.w.org\/{rel}","templated":true}]}}