{"id":81299,"date":"2016-07-28T13:12:05","date_gmt":"2016-07-28T10:12:05","guid":{"rendered":"http:\/\/www.sana.sy\/tr\/?p=81299"},"modified":"2016-07-29T17:49:15","modified_gmt":"2016-07-29T14:49:15","slug":"silahlarini-teslim-edenlere-af-karari-onaylandi","status":"publish","type":"post","link":"https:\/\/archive.sana.sy\/tr\/?p=81299","title":{"rendered":"Silahlar\u0131n\u0131 Teslim Edenlere Af Karar\u0131 Onayland\u0131"},"content":{"rendered":"<p>\u015eAM \u2013 Cumhurba\u015fkan\u0131 Be\u015f\u015far el Esad bug\u00fcn silah ta\u015f\u0131yan t\u00fcm kanun ka\u00e7aklar\u0131 i\u00e7in af \u00f6ng\u00f6ren 2016\/15 say\u0131l\u0131 yasama karar\u0131n\u0131 onaylad\u0131.<\/p>\n<p>Af karar\u0131nda kanun ka\u00e7aklar\u0131n\u0131n silahlar\u0131yla birlikte teslim olmalar\u0131 ve ka\u00e7\u0131rm\u0131\u015f olduklar\u0131 insanlar\u0131 herhangi bir kar\u015f\u0131l\u0131k olmaks\u0131z\u0131n b\u0131rakmalar\u0131 \u015fart koyulurken, \u015fah\u0131slar\u0131n hakk\u0131 istisna tutulup ilgili mahkemeye b\u0131rak\u0131ld\u0131.<\/p>\n<p>R.H.<\/p>\n","protected":false},"excerpt":{"rendered":"<p>\u015eAM \u2013 Cumhurba\u015fkan\u0131 Be\u015f\u015far el Esad bug\u00fcn silah ta\u015f\u0131yan t\u00fcm kanun ka\u00e7aklar\u0131 i\u00e7in af \u00f6ng\u00f6ren 2016\/15 say\u0131l\u0131 yasama karar\u0131n\u0131 onaylad\u0131. Af karar\u0131nda kanun ka\u00e7aklar\u0131n\u0131n silahlar\u0131yla birlikte teslim olmalar\u0131 ve ka\u00e7\u0131rm\u0131\u015f olduklar\u0131 insanlar\u0131 herhangi bir kar\u015f\u0131l\u0131k olmaks\u0131z\u0131n b\u0131rakmalar\u0131 \u015fart koyulurken, \u015fah\u0131slar\u0131n hakk\u0131 istisna tutulup ilgili mahkemeye b\u0131rak\u0131ld\u0131. R.H.<\/p>\n","protected":false},"author":1,"featured_media":56583,"comment_status":"closed","ping_status":"closed","sticky":false,"template":"","format":"standard","meta":{"footnotes":""},"categories":[605,17988,612,599],"tags":[16402,22749],"class_list":["post-81299","post","type-post","status-publish","format-standard","has-post-thumbnail","","category-sayin-cumhurbaskani","category-son-haberler","category-yasama-kararnameler","category-yasama-ve-kanunlar","tag-cumhurbaskani-bessar-el-esad","tag-silahlarini-teslim-edenlere-af-karari-onaylandi"],"_links":{"self":[{"href":"https:\/\/archive.sana.sy\/tr\/index.php?rest_route=\/wp\/v2\/posts\/81299","targetHints":{"allow":["GET"]}}],"collection":[{"href":"https:\/\/archive.sana.sy\/tr\/index.php?rest_route=\/wp\/v2\/posts"}],"about":[{"href":"https:\/\/archive.sana.sy\/tr\/index.php?rest_route=\/wp\/v2\/types\/post"}],"author":[{"embeddable":true,"href":"https:\/\/archive.sana.sy\/tr\/index.php?rest_route=\/wp\/v2\/users\/1"}],"replies":[{"embeddable":true,"href":"https:\/\/archive.sana.sy\/tr\/index.php?rest_route=%2Fwp%2Fv2%2Fcomments&post=81299"}],"version-history":[{"count":0,"href":"https:\/\/archive.sana.sy\/tr\/index.php?rest_route=\/wp\/v2\/posts\/81299\/revisions"}],"wp:featuredmedia":[{"embeddable":true,"href":"https:\/\/archive.sana.sy\/tr\/index.php?rest_route=\/wp\/v2\/media\/56583"}],"wp:attachment":[{"href":"https:\/\/archive.sana.sy\/tr\/index.php?rest_route=%2Fwp%2Fv2%2Fmedia&parent=81299"}],"wp:term":[{"taxonomy":"category","embeddable":true,"href":"https:\/\/archive.sana.sy\/tr\/index.php?rest_route=%2Fwp%2Fv2%2Fcategories&post=81299"},{"taxonomy":"post_tag","embeddable":true,"href":"https:\/\/archive.sana.sy\/tr\/index.php?rest_route=%2Fwp%2Fv2%2Ftags&post=81299"}],"curies":[{"name":"wp","href":"https:\/\/api.w.org\/{rel}","templated":true}]}}