{"id":81321,"date":"2016-07-28T14:54:37","date_gmt":"2016-07-28T11:54:37","guid":{"rendered":"http:\/\/www.sana.sy\/tr\/?p=81321"},"modified":"2016-07-29T17:49:08","modified_gmt":"2016-07-29T14:49:08","slug":"vatan-sesine-kulak-verip-suriyenin-gelecegini-layikiyla-yapilandirmaya-cagirdi","status":"publish","type":"post","link":"https:\/\/archive.sana.sy\/tr\/?p=81321","title":{"rendered":"Vatan Sesine Kulak Verip, Suriye&#8217;nin Gelece\u011fini Lay\u0131k\u0131yla Yap\u0131land\u0131rmaya \u00c7a\u011f\u0131rd\u0131"},"content":{"rendered":"<p>\u015eAM \u2013 Suriye Arap Cumhuriyeti Cumhurba\u015fkanl\u0131\u011f\u0131 yay\u0131nlad\u0131\u011f\u0131 beyanda; Cumhurba\u015fkan\u0131 Be\u015f\u015far el Esad\u2019\u0131n t\u00fcm Suriye halk\u0131n\u0131, vatan topraklar\u0131n\u0131n her kar\u0131\u015f topra\u011f\u0131n\u0131 ter\u00f6rden temizleme kararl\u0131l\u0131\u011f\u0131 ve azminde olan Suriye ordusuyla ayn\u0131 safta yer almalar\u0131na \u00e7a\u011f\u0131rd\u0131\u011f\u0131n\u0131 belirtti.<\/p>\n<p>SANA\u2019n\u0131n da bir n\u00fcshas\u0131n\u0131 ald\u0131\u011f\u0131 beyanda; d\u0131\u015f destekli ter\u00f6r\u00fcn Suriye&#8217;yi vatan, halk, medeniyet, k\u00fclt\u00fcr ve kimlik olarak hedef al\u0131nd\u0131\u011f\u0131n\u0131n net bir \u015fekilde ortaya \u00e7\u0131kt\u0131\u011f\u0131na dikkat \u00e7ekilerek, bu ter\u00f6r\u00fcn ayn\u0131 vatan evlatlar\u0131 aras\u0131nda herhangi bir fark g\u00f6zetmeksizin istisnas\u0131z herkesi hedef ald\u0131\u011f\u0131n\u0131n ortada oldu\u011funa vurgu yap\u0131ld\u0131.<\/p>\n<p>Vatan\u0131 savuran \u015fiddet, \u00f6l\u00fcm ve y\u0131k\u0131ma son vermede ulusal uzla\u015fman\u0131n en \u00f6nemli yolu te\u015fkil etti\u011finin alt\u0131 \u00e7izildi\u011fi beyanda; Suriye&#8217;yi vatan, halk ve her \u015feyi ile hedef alan bu tehlikenin g\u00fcn\u00fcm\u00fczde t\u00fcm netli\u011fi ile de\u015fifre edildi\u011fi ve herkes taraf\u0131ndan t\u00fcm \u00e7\u0131plakl\u0131\u011f\u0131 ile g\u00f6r\u00fcld\u00fc\u011f\u00fcne vurgu yap\u0131ld\u0131.<\/p>\n<p>Beyanda t\u00fcm bunlar\u0131n g\u00f6lgesinde Cumhurba\u015fkan\u0131 el Esad\u2019\u0131n istisnas\u0131z t\u00fcm Suriyelileri silahlar\u0131n\u0131 teslim etme ve vatan kuca\u011f\u0131na d\u00f6nmelerine \u00e7a\u011f\u0131rd\u0131\u011f\u0131 belirtildi. Silahlar\u0131n\u0131 teslim etmeleriyle Suriye&#8217;nin her daim oldu\u011fu gibi evlatlar\u0131n\u0131n g\u00fcvenlik ve selametine \u00f6zenini yak\u0131ndan g\u00f6receklerine dikkat \u00e7ekilen beyanda; Suriye&#8217;nin vatanda\u015flar\u0131n\u0131n can ve mal g\u00fcvenli\u011fine ilaveten nesillerinin gelece\u011fine b\u00fcy\u00fck \u00f6nem verdi\u011fine de vurgu yap\u0131ld\u0131. Ayn\u0131 zamanda silah ta\u015f\u0131yan herkesin silah\u0131n\u0131 teslim edip vatan kuca\u011f\u0131na d\u00f6nmesi ve halk\u0131n ordu saflar\u0131nda yer almas\u0131yla Suriye&#8217;nin her daim gurur duydu\u011fu g\u00fcven ve istikrara kavu\u015faca\u011f\u0131 da ifade edildi.<\/p>\n<p>Bu f\u0131rsat\u0131n silah ta\u015f\u0131yan istisnas\u0131z herkes i\u00e7in vatanlar\u0131na ba\u011fl\u0131l\u0131klar\u0131n\u0131 ifade etme f\u0131rsat\u0131 temin etti\u011finin ifade edildi\u011fi beyanda; \u015fiddete son vermeleri ve vatan sesine son vermeleri i\u00e7in de \u00f6nemli bir f\u0131rsat te\u015fkil etti\u011fi vurguland\u0131. Beyanda silah ta\u015f\u0131yanlar\u0131n silahlar\u0131n\u0131 b\u0131rakmalar\u0131yla kendilerinin ve \u00e7ocuklar\u0131n\u0131n gelece\u011fini siyasi, ekonomik ve her a\u00e7\u0131dan yap\u0131land\u0131rma f\u0131rsat\u0131 bulacaklar\u0131na dikkat \u00e7ekilerek, Suriye&#8217;nin t\u00fcm Suriyelilerin vatan\u0131 oldu\u011funun bir kez daha alt\u0131 \u00e7izildi.<\/p>\n<p>Suriyelilerin, Suriye&#8217;nin tarihi ve medeniyetine lay\u0131k bir \u015fekilde gelece\u011fini yap\u0131land\u0131raca\u011f\u0131 ifade edilen beyanda; bunun muhtelif kesimleri ve bile\u015fenleriyle vatan topraklar\u0131n\u0131n her kar\u0131\u015f topra\u011f\u0131n\u0131 kapsad\u0131\u011f\u0131n\u0131n alt\u0131 \u00e7izildi.<\/p>\n","protected":false},"excerpt":{"rendered":"<p>\u015eAM \u2013 Suriye Arap Cumhuriyeti Cumhurba\u015fkanl\u0131\u011f\u0131 yay\u0131nlad\u0131\u011f\u0131 beyanda; Cumhurba\u015fkan\u0131 Be\u015f\u015far el Esad\u2019\u0131n t\u00fcm Suriye halk\u0131n\u0131, vatan topraklar\u0131n\u0131n her kar\u0131\u015f topra\u011f\u0131n\u0131 ter\u00f6rden temizleme kararl\u0131l\u0131\u011f\u0131 ve azminde olan Suriye ordusuyla ayn\u0131 safta yer almalar\u0131na \u00e7a\u011f\u0131rd\u0131\u011f\u0131n\u0131 belirtti. SANA\u2019n\u0131n da bir n\u00fcshas\u0131n\u0131 ald\u0131\u011f\u0131 beyanda; d\u0131\u015f destekli ter\u00f6r\u00fcn Suriye&#8217;yi vatan, halk, medeniyet, k\u00fclt\u00fcr ve kimlik olarak hedef al\u0131nd\u0131\u011f\u0131n\u0131n net bir &hellip;<\/p>\n","protected":false},"author":1,"featured_media":81338,"comment_status":"closed","ping_status":"closed","sticky":false,"template":"","format":"standard","meta":{"footnotes":""},"categories":[608,479,605,17988,478],"tags":[16402,22759,22758,22757],"class_list":["post-81321","post","type-post","status-publish","format-standard","has-post-thumbnail","","category-etkinlikler","category-haberler-yerel","category-sayin-cumhurbaskani","category-son-haberler","category-yerel","tag-cumhurbaskani-bessar-el-esad","tag-suriye-arap-cumhuriyeti-cumhurbaskanligi-yayinladigi-beyanda","tag-suriyenin-gelecegini-layikiyla-yapilandirmaya-cagirdi","tag-vatan-sesine-kulak-verip"],"_links":{"self":[{"href":"https:\/\/archive.sana.sy\/tr\/index.php?rest_route=\/wp\/v2\/posts\/81321","targetHints":{"allow":["GET"]}}],"collection":[{"href":"https:\/\/archive.sana.sy\/tr\/index.php?rest_route=\/wp\/v2\/posts"}],"about":[{"href":"https:\/\/archive.sana.sy\/tr\/index.php?rest_route=\/wp\/v2\/types\/post"}],"author":[{"embeddable":true,"href":"https:\/\/archive.sana.sy\/tr\/index.php?rest_route=\/wp\/v2\/users\/1"}],"replies":[{"embeddable":true,"href":"https:\/\/archive.sana.sy\/tr\/index.php?rest_route=%2Fwp%2Fv2%2Fcomments&post=81321"}],"version-history":[{"count":0,"href":"https:\/\/archive.sana.sy\/tr\/index.php?rest_route=\/wp\/v2\/posts\/81321\/revisions"}],"wp:featuredmedia":[{"embeddable":true,"href":"https:\/\/archive.sana.sy\/tr\/index.php?rest_route=\/wp\/v2\/media\/81338"}],"wp:attachment":[{"href":"https:\/\/archive.sana.sy\/tr\/index.php?rest_route=%2Fwp%2Fv2%2Fmedia&parent=81321"}],"wp:term":[{"taxonomy":"category","embeddable":true,"href":"https:\/\/archive.sana.sy\/tr\/index.php?rest_route=%2Fwp%2Fv2%2Fcategories&post=81321"},{"taxonomy":"post_tag","embeddable":true,"href":"https:\/\/archive.sana.sy\/tr\/index.php?rest_route=%2Fwp%2Fv2%2Ftags&post=81321"}],"curies":[{"name":"wp","href":"https:\/\/api.w.org\/{rel}","templated":true}]}}