{"id":8144,"date":"2014-08-24T17:09:55","date_gmt":"2014-08-24T14:09:55","guid":{"rendered":"http:\/\/www.sana.sy\/tr\/?p=8144"},"modified":"2014-08-25T13:31:46","modified_gmt":"2014-08-25T10:31:46","slug":"tabaka-havalimaninda-yeniden-konuslandi","status":"publish","type":"post","link":"https:\/\/archive.sana.sy\/tr\/?p=8144","title":{"rendered":"Tabka Havaliman\u0131nda Yeniden Konu\u015fland\u0131"},"content":{"rendered":"<p>RAKKA \u2013 Askeri bir kaynak ordu birliklerimizin Rakka k\u0131rsal\u0131 Tabka Havaliman\u0131nda ter\u00f6r \u00f6rg\u00fctlerine kar\u015f\u0131 havaliman\u0131n\u0131 savunurken, havaliman\u0131n\u0131 bo\u015faltma ve yeniden konu\u015flanma operasyonunda bulundu\u011funu belirtti.<\/p>\n<p>Kaynak ordu birliklerimizin ter\u00f6ristlerle olduk\u00e7a \u015fiddetli \u00e7at\u0131\u015fmalara girdiklerini, onlar\u0131 say\u0131 ve te\u00e7hizatlar\u0131yla a\u011f\u0131r kay\u0131plara u\u011fratt\u0131klar\u0131n\u0131 belirtirken; nitelikli sald\u0131r\u0131larda bulunma ve onlar\u0131 b\u00fcy\u00fck kay\u0131plara u\u011fratmaya devam ettiklerini ifade etti.<\/p>\n","protected":false},"excerpt":{"rendered":"<p>RAKKA \u2013 Askeri bir kaynak ordu birliklerimizin Rakka k\u0131rsal\u0131 Tabka Havaliman\u0131nda ter\u00f6r \u00f6rg\u00fctlerine kar\u015f\u0131 havaliman\u0131n\u0131 savunurken, havaliman\u0131n\u0131 bo\u015faltma ve yeniden konu\u015flanma operasyonunda bulundu\u011funu belirtti. Kaynak ordu birliklerimizin ter\u00f6ristlerle olduk\u00e7a \u015fiddetli \u00e7at\u0131\u015fmalara girdiklerini, onlar\u0131 say\u0131 ve te\u00e7hizatlar\u0131yla a\u011f\u0131r kay\u0131plara u\u011fratt\u0131klar\u0131n\u0131 belirtirken; nitelikli sald\u0131r\u0131larda bulunma ve onlar\u0131 b\u00fcy\u00fck kay\u0131plara u\u011fratmaya devam ettiklerini ifade etti.<\/p>\n","protected":false},"author":1,"featured_media":8145,"comment_status":"closed","ping_status":"closed","sticky":false,"template":"","format":"standard","meta":{"footnotes":""},"categories":[575],"tags":[1825],"class_list":["post-8144","post","type-post","status-publish","format-standard","has-post-thumbnail","","category-olaylar-ve-gercekler","tag-tabka-havalimaninda-yeniden-konuslandi"],"_links":{"self":[{"href":"https:\/\/archive.sana.sy\/tr\/index.php?rest_route=\/wp\/v2\/posts\/8144","targetHints":{"allow":["GET"]}}],"collection":[{"href":"https:\/\/archive.sana.sy\/tr\/index.php?rest_route=\/wp\/v2\/posts"}],"about":[{"href":"https:\/\/archive.sana.sy\/tr\/index.php?rest_route=\/wp\/v2\/types\/post"}],"author":[{"embeddable":true,"href":"https:\/\/archive.sana.sy\/tr\/index.php?rest_route=\/wp\/v2\/users\/1"}],"replies":[{"embeddable":true,"href":"https:\/\/archive.sana.sy\/tr\/index.php?rest_route=%2Fwp%2Fv2%2Fcomments&post=8144"}],"version-history":[{"count":0,"href":"https:\/\/archive.sana.sy\/tr\/index.php?rest_route=\/wp\/v2\/posts\/8144\/revisions"}],"wp:featuredmedia":[{"embeddable":true,"href":"https:\/\/archive.sana.sy\/tr\/index.php?rest_route=\/wp\/v2\/media\/8145"}],"wp:attachment":[{"href":"https:\/\/archive.sana.sy\/tr\/index.php?rest_route=%2Fwp%2Fv2%2Fmedia&parent=8144"}],"wp:term":[{"taxonomy":"category","embeddable":true,"href":"https:\/\/archive.sana.sy\/tr\/index.php?rest_route=%2Fwp%2Fv2%2Fcategories&post=8144"},{"taxonomy":"post_tag","embeddable":true,"href":"https:\/\/archive.sana.sy\/tr\/index.php?rest_route=%2Fwp%2Fv2%2Ftags&post=8144"}],"curies":[{"name":"wp","href":"https:\/\/api.w.org\/{rel}","templated":true}]}}