{"id":8147,"date":"2014-08-24T17:17:04","date_gmt":"2014-08-24T14:17:04","guid":{"rendered":"http:\/\/www.sana.sy\/tr\/?p=8147"},"modified":"2014-08-24T17:39:54","modified_gmt":"2014-08-24T14:39:54","slug":"teroristler-yasam-ve-hizmet-kaynaklarini-hedef-aliyorlar","status":"publish","type":"post","link":"https:\/\/archive.sana.sy\/tr\/?p=8147","title":{"rendered":"Ter\u00f6ristler Ya\u015fam ve Hizmet Kaynaklar\u0131n\u0131 Hedef Al\u0131yorlar"},"content":{"rendered":"<p>HAMA \u2013 \u0130\u015fledikleri b\u00fct\u00fcn vah\u015fi katliamlara ra\u011fmen direni\u015f\u00e7i Suriye halk\u0131 ve ordusu kar\u015f\u0131s\u0131nda hezimete mahkum olmay\u0131 sindiremeyen silahl\u0131 ter\u00f6r gruplar\u0131 ya\u015famsal ve hizmet kaynaklar\u0131na sald\u0131rarak h\u0131rslar\u0131n\u0131 dindirmeye \u00e7al\u0131\u015f\u0131yorlar.<\/p>\n<p>Bu kapsamda silahl\u0131 ter\u00f6r gruplar\u0131 bug\u00fcn Hama K\u0131rsal\u0131n\u0131n Mharde B\u00f6lgesinde bulunan bir elektrik \u00fcretim santraline sald\u0131r\u0131 d\u00fczenlediler.<\/p>\n<p>Santral koruma g\u00f6revlilerinden bir vatanda\u015f\u0131m\u0131z\u0131n \u015fehit d\u00fc\u015ft\u00fc\u011f\u00fc sald\u0131r\u0131 sonucunda ayr\u0131ca elektrik santrali hizmet d\u0131\u015f\u0131 oldu.<\/p>\n<p>Konuyla ilgili a\u00e7\u0131klama yapan Elektrik Santrali M\u00fcd\u00fcr\u00fc Ala Heyfa; silahl\u0131 ter\u00f6r gruplar\u0131n\u0131n santrali havan mermileri ve otomatik silahlarla tarayarak ele ge\u00e7irmeye \u00e7al\u0131\u015ft\u0131klar\u0131n\u0131 dile getirdi.<\/p>\n","protected":false},"excerpt":{"rendered":"<p>HAMA \u2013 \u0130\u015fledikleri b\u00fct\u00fcn vah\u015fi katliamlara ra\u011fmen direni\u015f\u00e7i Suriye halk\u0131 ve ordusu kar\u015f\u0131s\u0131nda hezimete mahkum olmay\u0131 sindiremeyen silahl\u0131 ter\u00f6r gruplar\u0131 ya\u015famsal ve hizmet kaynaklar\u0131na sald\u0131rarak h\u0131rslar\u0131n\u0131 dindirmeye \u00e7al\u0131\u015f\u0131yorlar. Bu kapsamda silahl\u0131 ter\u00f6r gruplar\u0131 bug\u00fcn Hama K\u0131rsal\u0131n\u0131n Mharde B\u00f6lgesinde bulunan bir elektrik \u00fcretim santraline sald\u0131r\u0131 d\u00fczenlediler. Santral koruma g\u00f6revlilerinden bir vatanda\u015f\u0131m\u0131z\u0131n \u015fehit d\u00fc\u015ft\u00fc\u011f\u00fc sald\u0131r\u0131 sonucunda ayr\u0131ca &hellip;<\/p>\n","protected":false},"author":1,"featured_media":8150,"comment_status":"closed","ping_status":"closed","sticky":false,"template":"","format":"standard","meta":{"footnotes":""},"categories":[479,575,478],"tags":[1822],"class_list":["post-8147","post","type-post","status-publish","format-standard","has-post-thumbnail","","category-haberler-yerel","category-olaylar-ve-gercekler","category-yerel","tag-teroristler-yasam-ve-hizmet-kaynaklarini-hedef-aliyorlar"],"_links":{"self":[{"href":"https:\/\/archive.sana.sy\/tr\/index.php?rest_route=\/wp\/v2\/posts\/8147","targetHints":{"allow":["GET"]}}],"collection":[{"href":"https:\/\/archive.sana.sy\/tr\/index.php?rest_route=\/wp\/v2\/posts"}],"about":[{"href":"https:\/\/archive.sana.sy\/tr\/index.php?rest_route=\/wp\/v2\/types\/post"}],"author":[{"embeddable":true,"href":"https:\/\/archive.sana.sy\/tr\/index.php?rest_route=\/wp\/v2\/users\/1"}],"replies":[{"embeddable":true,"href":"https:\/\/archive.sana.sy\/tr\/index.php?rest_route=%2Fwp%2Fv2%2Fcomments&post=8147"}],"version-history":[{"count":0,"href":"https:\/\/archive.sana.sy\/tr\/index.php?rest_route=\/wp\/v2\/posts\/8147\/revisions"}],"wp:featuredmedia":[{"embeddable":true,"href":"https:\/\/archive.sana.sy\/tr\/index.php?rest_route=\/wp\/v2\/media\/8150"}],"wp:attachment":[{"href":"https:\/\/archive.sana.sy\/tr\/index.php?rest_route=%2Fwp%2Fv2%2Fmedia&parent=8147"}],"wp:term":[{"taxonomy":"category","embeddable":true,"href":"https:\/\/archive.sana.sy\/tr\/index.php?rest_route=%2Fwp%2Fv2%2Fcategories&post=8147"},{"taxonomy":"post_tag","embeddable":true,"href":"https:\/\/archive.sana.sy\/tr\/index.php?rest_route=%2Fwp%2Fv2%2Ftags&post=8147"}],"curies":[{"name":"wp","href":"https:\/\/api.w.org\/{rel}","templated":true}]}}