{"id":81472,"date":"2016-07-29T16:42:12","date_gmt":"2016-07-29T13:42:12","guid":{"rendered":"http:\/\/www.sana.sy\/tr\/?p=81472"},"modified":"2016-07-30T14:24:00","modified_gmt":"2016-07-30T11:24:00","slug":"imam-ve-hatipler-cuma-hutbelerinde-cagrida-bulundular","status":"publish","type":"post","link":"https:\/\/archive.sana.sy\/tr\/?p=81472","title":{"rendered":"\u0130mam ve Hatipler Cuma Hutbelerinde \u00c7a\u011fr\u0131da Bulundular"},"content":{"rendered":"<p>\u0130LLER \u2013 Cami imamlar\u0131 ve hatipleri t\u00fcm ilerde bulunduklar\u0131 Cuma hutbesinde bug\u00fcn; muhtelif nedenlerden dolay\u0131 yolunu kaybedip silah ta\u015f\u0131yan t\u00fcm vatanda\u015flar\u0131 silahlar\u0131n\u0131 teslim etme ve vatan kuca\u011f\u0131na d\u00f6nmelerine \u00e7a\u011f\u0131rd\u0131lar.<\/p>\n<p>Cami imamlar ve hatipleri yurt genelinde Cumhurba\u015fkan\u0131 Be\u015f\u015far el Esad\u2019\u0131n vatan kuca\u011f\u0131na d\u00f6nmeleri y\u00f6n\u00fcnde yapt\u0131\u011f\u0131 \u00e7a\u011fr\u0131 ve onaylad\u0131\u011f\u0131 af karar\u0131na dikkat \u00e7ektiler. Bunun, zafer kazanan bir liderin en muazzam \u00f6zelliklerinden biri oldu\u011funa dikkat \u00e7eken imam ve hatipler; g\u00fc\u00e7l\u00fc iken affetme ve vatan sevgisinin peygamberimiz ve dinimizin ilkelerinden say\u0131ld\u0131\u011f\u0131na i\u015faret ettiler.<\/p>\n<p><a href=\"http:\/\/www.sana.sy\/tr\/wp-content\/uploads\/2016\/07\/02-1.jpg\"><img loading=\"lazy\" decoding=\"async\" class=\"alignright wp-image-81481 size-medium\" src=\"http:\/\/www.sana.sy\/tr\/wp-content\/uploads\/2016\/07\/02-1-300x174.jpg\" alt=\"02\" width=\"300\" height=\"174\" srcset=\"https:\/\/archive.sana.sy\/tr\/wp-content\/uploads\/2016\/07\/02-1-300x174.jpg 300w, https:\/\/archive.sana.sy\/tr\/wp-content\/uploads\/2016\/07\/02-1-150x87.jpg 150w, https:\/\/archive.sana.sy\/tr\/wp-content\/uploads\/2016\/07\/02-1.jpg 682w\" sizes=\"auto, (max-width: 300px) 100vw, 300px\" \/><\/a>Vatan kuca\u011f\u0131na d\u00f6nme \u00e7a\u011fr\u0131s\u0131n\u0131n vatan liderinden yap\u0131ld\u0131\u011f\u0131na dikkat \u00e7eken imam ve hatipler; el Esad\u2019\u0131n vaatlerine ba\u011fl\u0131 olup her daim yerine getirdi\u011fini hat\u0131rlatt\u0131lar. \u0130mam ve hatipler; bu \u00e7a\u011fr\u0131 ve af karar\u0131n\u0131n, herkesin vatan sevgisini ger\u00e7ek bir \u015fekilde g\u00f6stermesi i\u00e7in \u00f6nemli bir f\u0131rsat oldu\u011funu belirtti.<\/p>\n<p>Suriye&#8217;de kan ve \u015fiddete art\u0131k son verilmesi gerekti\u011fini ifade eden imam ve hatipler; Suriye&#8217;nin sevgi, ho\u015fg\u00f6r\u00fc ve bar\u0131\u015f\u0131 hakketti\u011fini, t\u00fcm Suriyelilerin vatan\u0131n gelece\u011fini el ele yap\u0131land\u0131rmalar\u0131 \u00f6nemini belirttiler.<\/p>\n<p>Suriye ordusunun Suriye halk\u0131n\u0131n evlatlar\u0131 ve karde\u015fleri oldu\u011funun alt\u0131n\u0131 \u00e7izen imam ve hatipler; vatan ve vatanda\u015flar\u0131n g\u00fcvenli\u011fi i\u00e7in be\u015f y\u0131ldan fazla bir s\u00fcredir d\u0131\u015f destekli ter\u00f6re kar\u015f\u0131 kahramanca m\u00fccadele eden bu ordunun yan\u0131nda olma ve onu destekleme \u00e7a\u011fr\u0131s\u0131nda bulundular.<\/p>\n<p>Bu arada Vak\u0131flar Bakan\u0131 Muhammed Abd\u00fcssettar el Seyit ise Tartus Kentindeki Hatice Camiinde okudu\u011fu Cuma hutbesinde; el Esad\u2019\u0131n yapt\u0131\u011f\u0131 \u00e7a\u011fr\u0131 ve onaylad\u0131\u011f\u0131 af karar\u0131n\u0131n, g\u00fc\u00e7l\u00fc bir liderin ho\u015fg\u00f6r\u00fc \u00f6zelli\u011fi ve halk\u0131n\u0131n g\u00fcvenli\u011fine verdi\u011fi \u00f6nemin bir kan\u0131t\u0131 oldu\u011funu vurgulad\u0131.<\/p>\n","protected":false},"excerpt":{"rendered":"<p>\u0130LLER \u2013 Cami imamlar\u0131 ve hatipleri t\u00fcm ilerde bulunduklar\u0131 Cuma hutbesinde bug\u00fcn; muhtelif nedenlerden dolay\u0131 yolunu kaybedip silah ta\u015f\u0131yan t\u00fcm vatanda\u015flar\u0131 silahlar\u0131n\u0131 teslim etme ve vatan kuca\u011f\u0131na d\u00f6nmelerine \u00e7a\u011f\u0131rd\u0131lar. Cami imamlar ve hatipleri yurt genelinde Cumhurba\u015fkan\u0131 Be\u015f\u015far el Esad\u2019\u0131n vatan kuca\u011f\u0131na d\u00f6nmeleri y\u00f6n\u00fcnde yapt\u0131\u011f\u0131 \u00e7a\u011fr\u0131 ve onaylad\u0131\u011f\u0131 af karar\u0131na dikkat \u00e7ektiler. Bunun, zafer kazanan bir &hellip;<\/p>\n","protected":false},"author":1,"featured_media":81480,"comment_status":"closed","ping_status":"closed","sticky":false,"template":"","format":"standard","meta":{"footnotes":""},"categories":[479,17988,478],"tags":[22791],"class_list":["post-81472","post","type-post","status-publish","format-standard","has-post-thumbnail","","category-haberler-yerel","category-son-haberler","category-yerel","tag-imam-ve-hatipler-cuma-hutbelerinde-cagrida-bulundular"],"_links":{"self":[{"href":"https:\/\/archive.sana.sy\/tr\/index.php?rest_route=\/wp\/v2\/posts\/81472","targetHints":{"allow":["GET"]}}],"collection":[{"href":"https:\/\/archive.sana.sy\/tr\/index.php?rest_route=\/wp\/v2\/posts"}],"about":[{"href":"https:\/\/archive.sana.sy\/tr\/index.php?rest_route=\/wp\/v2\/types\/post"}],"author":[{"embeddable":true,"href":"https:\/\/archive.sana.sy\/tr\/index.php?rest_route=\/wp\/v2\/users\/1"}],"replies":[{"embeddable":true,"href":"https:\/\/archive.sana.sy\/tr\/index.php?rest_route=%2Fwp%2Fv2%2Fcomments&post=81472"}],"version-history":[{"count":0,"href":"https:\/\/archive.sana.sy\/tr\/index.php?rest_route=\/wp\/v2\/posts\/81472\/revisions"}],"wp:featuredmedia":[{"embeddable":true,"href":"https:\/\/archive.sana.sy\/tr\/index.php?rest_route=\/wp\/v2\/media\/81480"}],"wp:attachment":[{"href":"https:\/\/archive.sana.sy\/tr\/index.php?rest_route=%2Fwp%2Fv2%2Fmedia&parent=81472"}],"wp:term":[{"taxonomy":"category","embeddable":true,"href":"https:\/\/archive.sana.sy\/tr\/index.php?rest_route=%2Fwp%2Fv2%2Fcategories&post=81472"},{"taxonomy":"post_tag","embeddable":true,"href":"https:\/\/archive.sana.sy\/tr\/index.php?rest_route=%2Fwp%2Fv2%2Ftags&post=81472"}],"curies":[{"name":"wp","href":"https:\/\/api.w.org\/{rel}","templated":true}]}}