{"id":81549,"date":"2016-07-30T11:23:50","date_gmt":"2016-07-30T08:23:50","guid":{"rendered":"http:\/\/www.sana.sy\/tr\/?p=81549"},"modified":"2016-07-30T14:01:15","modified_gmt":"2016-07-30T11:01:15","slug":"askeri-kaynak-hava-guclerimizin-deyrezzor-kentinin-yaklasik-7-km-batisina-dusen-zemli-ve-cafra-bolgelerinde-isidin-3-karargahinin-yani-sira-bircok-aracinin-imha-edildigini-aktarirken-burada","status":"publish","type":"post","link":"https:\/\/archive.sana.sy\/tr\/?p=81549","title":{"rendered":"Askeri kaynak  hava g\u00fc\u00e7lerimizin Deyrezzor Kentinin yakla\u015f\u0131k 7 km bat\u0131s\u0131na d\u00fc\u015fen Zemli ve Cafra b\u00f6lgelerinde I\u015e\u0130D\u2019in 3 karargah\u0131n\u0131n yan\u0131 s\u0131ra bir\u00e7ok arac\u0131n\u0131n imha edildi\u011fini aktar\u0131rken, burada da \u00e7ok say\u0131da tekfircinin \u00f6l\u00fc yaral\u0131 d\u00fc\u015f\u00fcr\u00fcld\u00fc\u011f\u00fcn\u00fc ifade etti."},"content":{"rendered":"<p>Askeri kaynak \u00a0hava g\u00fc\u00e7lerimizin Deyrezzor Kentinin yakla\u015f\u0131k 7 km bat\u0131s\u0131na d\u00fc\u015fen Zemli ve Cafra b\u00f6lgelerinde I\u015e\u0130D\u2019in 3 karargah\u0131n\u0131n yan\u0131 s\u0131ra bir\u00e7ok arac\u0131n\u0131n imha edildi\u011fini aktar\u0131rken, burada da \u00e7ok say\u0131da tekfircinin \u00f6l\u00fc yaral\u0131 d\u00fc\u015f\u00fcr\u00fcld\u00fc\u011f\u00fcn\u00fc ifade etti.<\/p>\n","protected":false},"excerpt":{"rendered":"<p>Askeri kaynak \u00a0hava g\u00fc\u00e7lerimizin Deyrezzor Kentinin yakla\u015f\u0131k 7 km bat\u0131s\u0131na d\u00fc\u015fen Zemli ve Cafra b\u00f6lgelerinde I\u015e\u0130D\u2019in 3 karargah\u0131n\u0131n yan\u0131 s\u0131ra bir\u00e7ok arac\u0131n\u0131n imha edildi\u011fini aktar\u0131rken, burada da \u00e7ok say\u0131da tekfircinin \u00f6l\u00fc yaral\u0131 d\u00fc\u015f\u00fcr\u00fcld\u00fc\u011f\u00fcn\u00fc ifade etti.<\/p>\n","protected":false},"author":1,"featured_media":0,"comment_status":"closed","ping_status":"closed","sticky":false,"template":"","format":"standard","meta":{"footnotes":""},"categories":[17991],"tags":[],"class_list":["post-81549","post","type-post","status-publish","format-standard","","category-son-dakika"],"_links":{"self":[{"href":"https:\/\/archive.sana.sy\/tr\/index.php?rest_route=\/wp\/v2\/posts\/81549","targetHints":{"allow":["GET"]}}],"collection":[{"href":"https:\/\/archive.sana.sy\/tr\/index.php?rest_route=\/wp\/v2\/posts"}],"about":[{"href":"https:\/\/archive.sana.sy\/tr\/index.php?rest_route=\/wp\/v2\/types\/post"}],"author":[{"embeddable":true,"href":"https:\/\/archive.sana.sy\/tr\/index.php?rest_route=\/wp\/v2\/users\/1"}],"replies":[{"embeddable":true,"href":"https:\/\/archive.sana.sy\/tr\/index.php?rest_route=%2Fwp%2Fv2%2Fcomments&post=81549"}],"version-history":[{"count":0,"href":"https:\/\/archive.sana.sy\/tr\/index.php?rest_route=\/wp\/v2\/posts\/81549\/revisions"}],"wp:attachment":[{"href":"https:\/\/archive.sana.sy\/tr\/index.php?rest_route=%2Fwp%2Fv2%2Fmedia&parent=81549"}],"wp:term":[{"taxonomy":"category","embeddable":true,"href":"https:\/\/archive.sana.sy\/tr\/index.php?rest_route=%2Fwp%2Fv2%2Fcategories&post=81549"},{"taxonomy":"post_tag","embeddable":true,"href":"https:\/\/archive.sana.sy\/tr\/index.php?rest_route=%2Fwp%2Fv2%2Ftags&post=81549"}],"curies":[{"name":"wp","href":"https:\/\/api.w.org\/{rel}","templated":true}]}}