{"id":81558,"date":"2016-07-30T14:21:33","date_gmt":"2016-07-30T11:21:33","guid":{"rendered":"http:\/\/www.sana.sy\/tr\/?p=81558"},"modified":"2016-07-31T16:38:47","modified_gmt":"2016-07-31T13:38:47","slug":"arac-ve-karargahlari-imha-ediliyor","status":"publish","type":"post","link":"https:\/\/archive.sana.sy\/tr\/?p=81558","title":{"rendered":"Ara\u00e7 ve Karargahlar\u0131 \u0130mha Ediliyor (video)"},"content":{"rendered":"<p>\u0130LLER \u2013 Hava g\u00fc\u00e7lerimizin deste\u011fi ile d\u0131\u015f destekli ter\u00f6re kar\u015f\u0131 ba\u015far\u0131lar\u0131n\u0131 s\u00fcrd\u00fcren ordu birliklerimiz bug\u00fcn, ara\u00e7 ve karargahlar\u0131yla birlikte aralar\u0131nda tehlikeli isimlerin bulundu\u011fu onlarca ter\u00f6ristin etkisiz hale getirdi.<\/p>\n<p><span style=\"color: #0000ff\">DERA:<\/span><\/p>\n<p>Askeri kaynak ordu birliklerimizin Dera\u2019da \u0130srail&#8217;den destek ve y\u00f6nlendirme alan tekfirci ter\u00f6ristlerin Dera Beled B\u00f6lgesindeki bir karargahlar\u0131n\u0131 i\u00e7erdi\u011fi ter\u00f6r komutanlar\u0131 ve cephaneyle birlikte imha ettiklerini aktard\u0131.<\/p>\n<p><span style=\"color: #0000ff\">S\u00dcVEYDA:<\/span><\/p>\n<p>S\u00fcveyda k\u0131rsal\u0131n\u0131n do\u011fusunda I\u015e\u0130D tekfircilerine kar\u015f\u0131 operasyonlar\u0131n ba\u015far\u0131yla devam etti\u011fini belirten askeri kaynak; Biir el Rasii B\u00f6lgesinin bat\u0131s\u0131nda tekfirci \u00e7etelerin bir toplanma mevkiini i\u00e7inde bulunan ter\u00f6rist ve ara\u00e7larla berilikte imha ettiklerini aktard\u0131.<\/p>\n<p><span style=\"color: #0000ff\">HOMS:<\/span><\/p>\n<p>\u00d6te yandan askeri kaynak hava g\u00fc\u00e7lerimizin Homs \u0130linin do\u011fusu Tedmur Kentinin kuzeybat\u0131s\u0131nda I\u015e\u0130D\u2019in hareketlenmelerini yo\u011fun ate\u015fe tutarak, bir k\u0131sm\u0131 a\u011f\u0131r silahlarla donat\u0131lm\u0131\u015f \u00e7ok say\u0131da ara\u00e7la birlikte onlarca tekfirciyi imha ettiklerini belirtti.<\/p>\n<p>Yine Homs k\u0131rsal\u0131n\u0131n do\u011fusu \u015eair Petrol Sahas\u0131 civarlar\u0131nda I\u015e\u0130D karargahlar\u0131 ve ara\u00e7lar\u0131n\u0131n hava g\u00fc\u00e7lerimiz taraf\u0131ndan imha edildi\u011fini belirten kaynak; burada da a\u011f\u0131r silahlarla donat\u0131lm\u0131\u015f bir\u00e7ok ara\u00e7 ve karargah\u0131n imha edilmesiyle aralar\u0131nda tehlikeli isimlerin bulundu\u011fu onlarca ter\u00f6ristin etkisiz hale getirildiklerini s\u00f6yledi.<\/p>\n<p><span style=\"color: #0000ff\">DEYREZZOR:<\/span><\/p>\n<p>Bu arada askeri kaynak hava g\u00fc\u00e7lerimizin Deyrezzor Kentinin yakla\u015f\u0131k 7 km bat\u0131s\u0131na d\u00fc\u015fen Zemli ve Cafra b\u00f6lgelerinde I\u015e\u0130D\u2019in 3 karargah\u0131n\u0131n yan\u0131 s\u0131ra bir\u00e7ok arac\u0131n\u0131n imha edildi\u011fini aktar\u0131rken, burada da \u00e7ok say\u0131da tekfircinin \u00f6l\u00fc yaral\u0131 d\u00fc\u015f\u00fcr\u00fcld\u00fc\u011f\u00fcn\u00fc ifade etti.<\/p>\n<p>Ordu birliklerimizin sabah saatlerinde Deyrezzor Kentinin kuzeydo\u011fu kenarlar\u0131na d\u00fc\u015fen Kennamat Semtinde I\u015e\u0130D mevkilerine nitelikli bir operasyon ger\u00e7ekle\u015ftirildi\u011fini belirten kaynak; bir k\u0131sm\u0131 a\u011f\u0131r silahlarla donat\u0131lm\u0131\u015f bir\u00e7ok ara\u00e7la birlikte \u00e7ok say\u0131da ter\u00f6ristin etkisiz hale getirildi\u011fini s\u00f6zlerine ekledi.<\/p>\n<p><span style=\"color: #0000ff\">HALEP:<\/span><\/p>\n<p>Ordu birliklerimiz Halep k\u0131rsal\u0131n\u0131n g\u00fcneyi Halsa B\u00f6lgesinde bir ter\u00f6r grubunun siperlendi\u011fi yuvay\u0131 imha ederek, yuvada bulunan ter\u00f6r grubunu eleba\u015flar\u0131yla birlikte etkisiz hale getirdi.<\/p>\n<p>https:\/\/www.youtube.com\/watch?v=q2Z4G3Ys0DM<\/p>\n<p>M.M.<\/p>\n","protected":false},"excerpt":{"rendered":"<p>\u0130LLER \u2013 Hava g\u00fc\u00e7lerimizin deste\u011fi ile d\u0131\u015f destekli ter\u00f6re kar\u015f\u0131 ba\u015far\u0131lar\u0131n\u0131 s\u00fcrd\u00fcren ordu birliklerimiz bug\u00fcn, ara\u00e7 ve karargahlar\u0131yla birlikte aralar\u0131nda tehlikeli isimlerin bulundu\u011fu onlarca ter\u00f6ristin etkisiz hale getirdi. DERA: Askeri kaynak ordu birliklerimizin Dera\u2019da \u0130srail&#8217;den destek ve y\u00f6nlendirme alan tekfirci ter\u00f6ristlerin Dera Beled B\u00f6lgesindeki bir karargahlar\u0131n\u0131 i\u00e7erdi\u011fi ter\u00f6r komutanlar\u0131 ve cephaneyle birlikte imha ettiklerini aktard\u0131. &hellip;<\/p>\n","protected":false},"author":1,"featured_media":81582,"comment_status":"closed","ping_status":"closed","sticky":false,"template":"","format":"standard","meta":{"footnotes":""},"categories":[575,17988],"tags":[3464,18365,22804,18237,2318,18347,18674,11549,19043,22182,19034],"class_list":["post-81558","post","type-post","status-publish","format-standard","has-post-thumbnail","","category-olaylar-ve-gercekler","category-son-haberler","tag-nusra-cephesi","tag-ahrar-el-sam","tag-arac-ve-karargahlari-imha-ediliyor","tag-cihatcilar","tag-isid","tag-oso","tag-silahli-muhalifler","tag-suriye-ordusu","tag-suriyede-son-durum","tag-suriyede-savas","tag-suriyeli-muhalifler"],"_links":{"self":[{"href":"https:\/\/archive.sana.sy\/tr\/index.php?rest_route=\/wp\/v2\/posts\/81558","targetHints":{"allow":["GET"]}}],"collection":[{"href":"https:\/\/archive.sana.sy\/tr\/index.php?rest_route=\/wp\/v2\/posts"}],"about":[{"href":"https:\/\/archive.sana.sy\/tr\/index.php?rest_route=\/wp\/v2\/types\/post"}],"author":[{"embeddable":true,"href":"https:\/\/archive.sana.sy\/tr\/index.php?rest_route=\/wp\/v2\/users\/1"}],"replies":[{"embeddable":true,"href":"https:\/\/archive.sana.sy\/tr\/index.php?rest_route=%2Fwp%2Fv2%2Fcomments&post=81558"}],"version-history":[{"count":0,"href":"https:\/\/archive.sana.sy\/tr\/index.php?rest_route=\/wp\/v2\/posts\/81558\/revisions"}],"wp:featuredmedia":[{"embeddable":true,"href":"https:\/\/archive.sana.sy\/tr\/index.php?rest_route=\/wp\/v2\/media\/81582"}],"wp:attachment":[{"href":"https:\/\/archive.sana.sy\/tr\/index.php?rest_route=%2Fwp%2Fv2%2Fmedia&parent=81558"}],"wp:term":[{"taxonomy":"category","embeddable":true,"href":"https:\/\/archive.sana.sy\/tr\/index.php?rest_route=%2Fwp%2Fv2%2Fcategories&post=81558"},{"taxonomy":"post_tag","embeddable":true,"href":"https:\/\/archive.sana.sy\/tr\/index.php?rest_route=%2Fwp%2Fv2%2Ftags&post=81558"}],"curies":[{"name":"wp","href":"https:\/\/api.w.org\/{rel}","templated":true}]}}