{"id":81613,"date":"2016-07-30T21:27:20","date_gmt":"2016-07-30T18:27:20","guid":{"rendered":"http:\/\/www.sana.sy\/tr\/?p=81613"},"modified":"2016-07-31T14:43:52","modified_gmt":"2016-07-31T11:43:52","slug":"hilal-halepte-saha-incelemelerinde-bulundu","status":"publish","type":"post","link":"https:\/\/archive.sana.sy\/tr\/?p=81613","title":{"rendered":"Hilal Halep\u2019te Saha \u0130ncelemelerinde Bulundu"},"content":{"rendered":"<p>HALEP \u2013 Baas Partisi Ulusal Genel Sekreter Yard\u0131mc\u0131s\u0131 Hilal Hilal bug\u00fcn; ordu birliklerimizin Halel Kentinde d\u0131\u015f g\u00fc\u00e7lere tabi ter\u00f6ristleri bertaraf etmeleri ard\u0131ndan g\u00fcvenli\u011fini sa\u011flad\u0131klar\u0131 Leyramun fabrikalar\u0131 ve Beni Zeyd Semtinin yan\u0131 s\u0131ra E\u015frefiye Semtinin bir k\u0131sm\u0131na saha gezisinde bulundu.<\/p>\n<p>Cumhurba\u015fkan\u0131 Be\u015f\u015far el Esad\u2019\u0131n y\u00f6nlendirmeleri do\u011frultusunda ger\u00e7ekle\u015ftirdi\u011fi ziyaretinde Hilal; s\u00f6z konusu b\u00f6lgelerde incelemelerde bulunurken, vatanda\u015flarla bir araya gelerek sorun ve taleplerini dinledi. Hilal vatan topraklar\u0131n\u0131n istisnas\u0131z her kar\u0131\u015f topra\u011f\u0131nda ter\u00f6r\u00fcn tamamen yok edilmesine dek Suriye&#8217;nin ordusu, halk\u0131 ve y\u00f6netimi ile m\u00fccadelesini azimle s\u00fcrd\u00fcrece\u011fini vurgularken, Suriyelilerin el ele savunduklar\u0131 bu g\u00fczelim yurdumuzu omuz omuza yeniden yap\u0131land\u0131racaklar\u0131n\u0131 ifade etti.<\/p>\n<p>Halep\u2019e saha gezisi \u00e7er\u00e7evesinde Hilal siyasi, partisel, dini, sosyal, ekonomik ve sendikal faaliyet temsilcileri ile Baas Partisi \u0130l \u015eubesinin konferans salonunda bir araya geldi.<\/p>\n<p>Hilal Haleplilerin ordunun bu ba\u015far\u0131lar\u0131yla duyduklar\u0131 gurur ve ya\u015fad\u0131klar\u0131 sevincin, Suriye ve halk\u0131na d\u00fc\u015fman t\u00fcm taraflara \u00f6nemli bir mesaj ta\u015f\u0131d\u0131\u011f\u0131n\u0131n alt\u0131n\u0131 \u00e7izdi.<\/p>\n<div id='gallery-1' class='gallery galleryid-81613 gallery-columns-2 gallery-size-medium'><figure class='gallery-item'>\n\t\t\t<div class='gallery-icon landscape'>\n\t\t\t\t<a href='https:\/\/archive.sana.sy\/tr\/wp-content\/uploads\/2016\/07\/hilal-1.jpg'><img loading=\"lazy\" decoding=\"async\" width=\"300\" height=\"200\" src=\"https:\/\/archive.sana.sy\/tr\/wp-content\/uploads\/2016\/07\/hilal-1-300x200.jpg\" class=\"attachment-medium size-medium\" alt=\"\" srcset=\"https:\/\/archive.sana.sy\/tr\/wp-content\/uploads\/2016\/07\/hilal-1-300x200.jpg 300w, https:\/\/archive.sana.sy\/tr\/wp-content\/uploads\/2016\/07\/hilal-1-150x100.jpg 150w, https:\/\/archive.sana.sy\/tr\/wp-content\/uploads\/2016\/07\/hilal-1-768x512.jpg 768w, https:\/\/archive.sana.sy\/tr\/wp-content\/uploads\/2016\/07\/hilal-1-1024x683.jpg 1024w\" sizes=\"auto, (max-width: 300px) 100vw, 300px\" \/><\/a>\n\t\t\t<\/div><\/figure><figure class='gallery-item'>\n\t\t\t<div class='gallery-icon landscape'>\n\t\t\t\t<a href='https:\/\/archive.sana.sy\/tr\/wp-content\/uploads\/2016\/07\/hilal-3.jpg'><img loading=\"lazy\" decoding=\"async\" width=\"300\" height=\"199\" src=\"https:\/\/archive.sana.sy\/tr\/wp-content\/uploads\/2016\/07\/hilal-3-300x199.jpg\" class=\"attachment-medium size-medium\" alt=\"\" srcset=\"https:\/\/archive.sana.sy\/tr\/wp-content\/uploads\/2016\/07\/hilal-3-300x199.jpg 300w, https:\/\/archive.sana.sy\/tr\/wp-content\/uploads\/2016\/07\/hilal-3-150x99.jpg 150w, https:\/\/archive.sana.sy\/tr\/wp-content\/uploads\/2016\/07\/hilal-3-310x205.jpg 310w, https:\/\/archive.sana.sy\/tr\/wp-content\/uploads\/2016\/07\/hilal-3.jpg 723w\" sizes=\"auto, (max-width: 300px) 100vw, 300px\" \/><\/a>\n\t\t\t<\/div><\/figure>\n\t\t<\/div>\n\n<p>F.B. &#8211; R.H.<\/p>\n","protected":false},"excerpt":{"rendered":"<p>HALEP \u2013 Baas Partisi Ulusal Genel Sekreter Yard\u0131mc\u0131s\u0131 Hilal Hilal bug\u00fcn; ordu birliklerimizin Halel Kentinde d\u0131\u015f g\u00fc\u00e7lere tabi ter\u00f6ristleri bertaraf etmeleri ard\u0131ndan g\u00fcvenli\u011fini sa\u011flad\u0131klar\u0131 Leyramun fabrikalar\u0131 ve Beni Zeyd Semtinin yan\u0131 s\u0131ra E\u015frefiye Semtinin bir k\u0131sm\u0131na saha gezisinde bulundu. Cumhurba\u015fkan\u0131 Be\u015f\u015far el Esad\u2019\u0131n y\u00f6nlendirmeleri do\u011frultusunda ger\u00e7ekle\u015ftirdi\u011fi ziyaretinde Hilal; s\u00f6z konusu b\u00f6lgelerde incelemelerde bulunurken, vatanda\u015flarla bir &hellip;<\/p>\n","protected":false},"author":1,"featured_media":81614,"comment_status":"closed","ping_status":"closed","sticky":false,"template":"","format":"standard","meta":{"footnotes":""},"categories":[479,17988,478],"tags":[22811],"class_list":["post-81613","post","type-post","status-publish","format-standard","has-post-thumbnail","","category-haberler-yerel","category-son-haberler","category-yerel","tag-hilal-halepte-saha-incelemelerinde-bulundu"],"_links":{"self":[{"href":"https:\/\/archive.sana.sy\/tr\/index.php?rest_route=\/wp\/v2\/posts\/81613","targetHints":{"allow":["GET"]}}],"collection":[{"href":"https:\/\/archive.sana.sy\/tr\/index.php?rest_route=\/wp\/v2\/posts"}],"about":[{"href":"https:\/\/archive.sana.sy\/tr\/index.php?rest_route=\/wp\/v2\/types\/post"}],"author":[{"embeddable":true,"href":"https:\/\/archive.sana.sy\/tr\/index.php?rest_route=\/wp\/v2\/users\/1"}],"replies":[{"embeddable":true,"href":"https:\/\/archive.sana.sy\/tr\/index.php?rest_route=%2Fwp%2Fv2%2Fcomments&post=81613"}],"version-history":[{"count":0,"href":"https:\/\/archive.sana.sy\/tr\/index.php?rest_route=\/wp\/v2\/posts\/81613\/revisions"}],"wp:featuredmedia":[{"embeddable":true,"href":"https:\/\/archive.sana.sy\/tr\/index.php?rest_route=\/wp\/v2\/media\/81614"}],"wp:attachment":[{"href":"https:\/\/archive.sana.sy\/tr\/index.php?rest_route=%2Fwp%2Fv2%2Fmedia&parent=81613"}],"wp:term":[{"taxonomy":"category","embeddable":true,"href":"https:\/\/archive.sana.sy\/tr\/index.php?rest_route=%2Fwp%2Fv2%2Fcategories&post=81613"},{"taxonomy":"post_tag","embeddable":true,"href":"https:\/\/archive.sana.sy\/tr\/index.php?rest_route=%2Fwp%2Fv2%2Ftags&post=81613"}],"curies":[{"name":"wp","href":"https:\/\/api.w.org\/{rel}","templated":true}]}}