{"id":81629,"date":"2016-07-31T13:50:05","date_gmt":"2016-07-31T10:50:05","guid":{"rendered":"http:\/\/www.sana.sy\/tr\/?p=81629"},"modified":"2016-08-01T10:42:56","modified_gmt":"2016-08-01T07:42:56","slug":"lise-butunleme-sinavlari-basladi","status":"publish","type":"post","link":"https:\/\/archive.sana.sy\/tr\/?p=81629","title":{"rendered":"Lise B\u00fct\u00fcnleme S\u0131navlar\u0131 Ba\u015flad\u0131(video)"},"content":{"rendered":"<p>\u015eAM \u2013 Lise \u00f6\u011frencileri puanlar\u0131n\u0131 y\u00fckseltme ya da kald\u0131klar\u0131 dersleri yeniden verme amac\u0131yla bug\u00fcn b\u00fct\u00fcnleme s\u0131navlar\u0131nda yeniden ter d\u00f6kmeye ba\u015flad\u0131.<\/p>\n<p>Yurt genelinde say\u0131sal ve s\u00f6zelde toplam 114 bin 550 lise \u00f6\u011frencisi 567 s\u0131nav merkezine da\u011f\u0131t\u0131ld\u0131.<\/p>\n<p>E\u011fitim Bakan\u0131 Hezvan el Vez SANA\u2019ya yapt\u0131\u011f\u0131 a\u00e7\u0131klamada; lise s\u0131navlar\u0131n\u0131n en iyi \u015fekilde icra edilmesi amac\u0131yla bakanl\u0131\u011f\u0131n gerekli t\u00fcm haz\u0131rl\u0131k ve icraatlar\u0131 tamamlad\u0131\u011f\u0131n\u0131 belirtti.<\/p>\n<p>https:\/\/youtu.be\/knrxmFHzPZg<\/p>\n<p>R.H.<\/p>\n","protected":false},"excerpt":{"rendered":"<p>\u015eAM \u2013 Lise \u00f6\u011frencileri puanlar\u0131n\u0131 y\u00fckseltme ya da kald\u0131klar\u0131 dersleri yeniden verme amac\u0131yla bug\u00fcn b\u00fct\u00fcnleme s\u0131navlar\u0131nda yeniden ter d\u00f6kmeye ba\u015flad\u0131. Yurt genelinde say\u0131sal ve s\u00f6zelde toplam 114 bin 550 lise \u00f6\u011frencisi 567 s\u0131nav merkezine da\u011f\u0131t\u0131ld\u0131. E\u011fitim Bakan\u0131 Hezvan el Vez SANA\u2019ya yapt\u0131\u011f\u0131 a\u00e7\u0131klamada; lise s\u0131navlar\u0131n\u0131n en iyi \u015fekilde icra edilmesi amac\u0131yla bakanl\u0131\u011f\u0131n gerekli t\u00fcm haz\u0131rl\u0131k &hellip;<\/p>\n","protected":false},"author":1,"featured_media":81634,"comment_status":"closed","ping_status":"closed","sticky":false,"template":"","format":"standard","meta":{"footnotes":""},"categories":[479,17988,478],"tags":[22814],"class_list":["post-81629","post","type-post","status-publish","format-standard","has-post-thumbnail","","category-haberler-yerel","category-son-haberler","category-yerel","tag-lise-butunleme-sinavlari-basladi"],"_links":{"self":[{"href":"https:\/\/archive.sana.sy\/tr\/index.php?rest_route=\/wp\/v2\/posts\/81629","targetHints":{"allow":["GET"]}}],"collection":[{"href":"https:\/\/archive.sana.sy\/tr\/index.php?rest_route=\/wp\/v2\/posts"}],"about":[{"href":"https:\/\/archive.sana.sy\/tr\/index.php?rest_route=\/wp\/v2\/types\/post"}],"author":[{"embeddable":true,"href":"https:\/\/archive.sana.sy\/tr\/index.php?rest_route=\/wp\/v2\/users\/1"}],"replies":[{"embeddable":true,"href":"https:\/\/archive.sana.sy\/tr\/index.php?rest_route=%2Fwp%2Fv2%2Fcomments&post=81629"}],"version-history":[{"count":0,"href":"https:\/\/archive.sana.sy\/tr\/index.php?rest_route=\/wp\/v2\/posts\/81629\/revisions"}],"wp:featuredmedia":[{"embeddable":true,"href":"https:\/\/archive.sana.sy\/tr\/index.php?rest_route=\/wp\/v2\/media\/81634"}],"wp:attachment":[{"href":"https:\/\/archive.sana.sy\/tr\/index.php?rest_route=%2Fwp%2Fv2%2Fmedia&parent=81629"}],"wp:term":[{"taxonomy":"category","embeddable":true,"href":"https:\/\/archive.sana.sy\/tr\/index.php?rest_route=%2Fwp%2Fv2%2Fcategories&post=81629"},{"taxonomy":"post_tag","embeddable":true,"href":"https:\/\/archive.sana.sy\/tr\/index.php?rest_route=%2Fwp%2Fv2%2Ftags&post=81629"}],"curies":[{"name":"wp","href":"https:\/\/api.w.org\/{rel}","templated":true}]}}