{"id":81637,"date":"2016-07-31T08:19:06","date_gmt":"2016-07-31T05:19:06","guid":{"rendered":"http:\/\/www.sana.sy\/tr\/?p=81637"},"modified":"2016-07-31T13:54:50","modified_gmt":"2016-07-31T10:54:50","slug":"yurt-genelinde-sayisal-ve-sozelde-toplam-114-bin-550-lise-ogrencisi-567-sinav-merkezine-dagitildi","status":"publish","type":"post","link":"https:\/\/archive.sana.sy\/tr\/?p=81637","title":{"rendered":"Yurt genelinde say\u0131sal ve s\u00f6zelde toplam 114 bin 550 lise \u00f6\u011frencisi 567 s\u0131nav merkezine da\u011f\u0131t\u0131ld\u0131."},"content":{"rendered":"<p>Yurt genelinde say\u0131sal ve s\u00f6zelde toplam 114 bin 550 lise \u00f6\u011frencisi 567 s\u0131nav merkezine da\u011f\u0131t\u0131ld\u0131.<\/p>\n","protected":false},"excerpt":{"rendered":"<p>Yurt genelinde say\u0131sal ve s\u00f6zelde toplam 114 bin 550 lise \u00f6\u011frencisi 567 s\u0131nav merkezine da\u011f\u0131t\u0131ld\u0131.<\/p>\n","protected":false},"author":1,"featured_media":0,"comment_status":"closed","ping_status":"closed","sticky":false,"template":"","format":"standard","meta":{"footnotes":""},"categories":[17991],"tags":[],"class_list":["post-81637","post","type-post","status-publish","format-standard","","category-son-dakika"],"_links":{"self":[{"href":"https:\/\/archive.sana.sy\/tr\/index.php?rest_route=\/wp\/v2\/posts\/81637","targetHints":{"allow":["GET"]}}],"collection":[{"href":"https:\/\/archive.sana.sy\/tr\/index.php?rest_route=\/wp\/v2\/posts"}],"about":[{"href":"https:\/\/archive.sana.sy\/tr\/index.php?rest_route=\/wp\/v2\/types\/post"}],"author":[{"embeddable":true,"href":"https:\/\/archive.sana.sy\/tr\/index.php?rest_route=\/wp\/v2\/users\/1"}],"replies":[{"embeddable":true,"href":"https:\/\/archive.sana.sy\/tr\/index.php?rest_route=%2Fwp%2Fv2%2Fcomments&post=81637"}],"version-history":[{"count":0,"href":"https:\/\/archive.sana.sy\/tr\/index.php?rest_route=\/wp\/v2\/posts\/81637\/revisions"}],"wp:attachment":[{"href":"https:\/\/archive.sana.sy\/tr\/index.php?rest_route=%2Fwp%2Fv2%2Fmedia&parent=81637"}],"wp:term":[{"taxonomy":"category","embeddable":true,"href":"https:\/\/archive.sana.sy\/tr\/index.php?rest_route=%2Fwp%2Fv2%2Fcategories&post=81637"},{"taxonomy":"post_tag","embeddable":true,"href":"https:\/\/archive.sana.sy\/tr\/index.php?rest_route=%2Fwp%2Fv2%2Ftags&post=81637"}],"curies":[{"name":"wp","href":"https:\/\/api.w.org\/{rel}","templated":true}]}}