{"id":81645,"date":"2016-07-31T14:26:03","date_gmt":"2016-07-31T11:26:03","guid":{"rendered":"http:\/\/www.sana.sy\/tr\/?p=81645"},"modified":"2016-08-01T10:43:04","modified_gmt":"2016-08-01T07:43:04","slug":"ekonomik-iliskiler-masaya-yatirildi","status":"publish","type":"post","link":"https:\/\/archive.sana.sy\/tr\/?p=81645","title":{"rendered":"Ekonomik \u0130li\u015fkiler Masaya Yat\u0131r\u0131ld\u0131"},"content":{"rendered":"<p>\u015eAM \u2013 Ba\u015fbakan \u0130mad Hamis bug\u00fcn Hindistan Cumhuriyetinin \u015eam B\u00fcy\u00fckel\u00e7isi Man Mohan Bhanot ile iki \u00fclke aras\u0131ndaki h\u00fck\u00fcmet i\u015fbirli\u011fi \u00e7er\u00e7evesinde Hindistanl\u0131 \u015firketlerin \u00f6zellikle enerji sekt\u00f6r\u00fcnde olmak \u00fczere muhtelif alanlarda Suriye&#8217;de yat\u0131r\u0131mlarda bulunma olanaklar\u0131n\u0131 masaya yat\u0131rd\u0131.<\/p>\n<p>G\u00f6r\u00fc\u015fmede Ba\u015fbakan Hamis; Hindistan\u2019\u0131n \u00f6zellikle uluslar aras\u0131 platformlarda Suriye&#8217;yi destekleyen tutumlar\u0131n\u0131n takdire \u015fayan oldu\u011funu ifade etti. \u0130ki \u00fclke ortak komitesi ve \u00e7al\u0131\u015fmalar\u0131n\u0131 etkinle\u015ftirme \u00f6neminin alt\u0131n\u0131 \u00e7izen Hamis; bunun iki \u00fclke ve halklar\u0131n\u0131n \u00e7\u0131karlar\u0131na hizmet edece\u011fine dikkat \u00e7ekti.<\/p>\n<p>Hindistan B\u00fcy\u00fckel\u00e7isi ise iki \u00fclke aras\u0131ndaki ekonomik ve siyasi ili\u015fkilerin muhtelif alanlarda geli\u015ftirilmesi amac\u0131yla Suriye h\u00fck\u00fcmetinin g\u00f6sterdi\u011fi i\u015fbirli\u011fi ve koordinasyonu \u00f6vd\u00fc. Hindistan\u2019\u0131n Suriye h\u00fck\u00fcmetinin bulunaca\u011f\u0131 t\u00fcm \u00f6neri ve d\u00fc\u015f\u00fcncelere a\u00e7\u0131k oldu\u011funu ifade eden B\u00fcy\u00fckel\u00e7i, bu \u00f6neri ve d\u00fc\u015f\u00fcnceleri somutla\u015ft\u0131rma ve prati\u011fe d\u00f6kmede \u00fclkesinin \u00f6zenini belirtti.<\/p>\n<p>R.M.<\/p>\n","protected":false},"excerpt":{"rendered":"<p>\u015eAM \u2013 Ba\u015fbakan \u0130mad Hamis bug\u00fcn Hindistan Cumhuriyetinin \u015eam B\u00fcy\u00fckel\u00e7isi Man Mohan Bhanot ile iki \u00fclke aras\u0131ndaki h\u00fck\u00fcmet i\u015fbirli\u011fi \u00e7er\u00e7evesinde Hindistanl\u0131 \u015firketlerin \u00f6zellikle enerji sekt\u00f6r\u00fcnde olmak \u00fczere muhtelif alanlarda Suriye&#8217;de yat\u0131r\u0131mlarda bulunma olanaklar\u0131n\u0131 masaya yat\u0131rd\u0131. G\u00f6r\u00fc\u015fmede Ba\u015fbakan Hamis; Hindistan\u2019\u0131n \u00f6zellikle uluslar aras\u0131 platformlarda Suriye&#8217;yi destekleyen tutumlar\u0131n\u0131n takdire \u015fayan oldu\u011funu ifade etti. \u0130ki \u00fclke ortak komitesi &hellip;<\/p>\n","protected":false},"author":1,"featured_media":81648,"comment_status":"closed","ping_status":"closed","sticky":false,"template":"","format":"standard","meta":{"footnotes":""},"categories":[485,486,479,17988,478],"tags":[18703,20973,22815,21934,22816],"class_list":["post-81645","post","type-post","status-publish","format-standard","has-post-thumbnail","","category-is-ve-sermaye","category-haberler-is-ve-sermaye","category-haberler-yerel","category-son-haberler","category-yerel","tag-basbakan","tag-ekonomik-iliskiler","tag-hindistan-cumhuriyetinin-sam-buyukelcisi","tag-imad-hamis","tag-man-mohan-bhanot"],"_links":{"self":[{"href":"https:\/\/archive.sana.sy\/tr\/index.php?rest_route=\/wp\/v2\/posts\/81645","targetHints":{"allow":["GET"]}}],"collection":[{"href":"https:\/\/archive.sana.sy\/tr\/index.php?rest_route=\/wp\/v2\/posts"}],"about":[{"href":"https:\/\/archive.sana.sy\/tr\/index.php?rest_route=\/wp\/v2\/types\/post"}],"author":[{"embeddable":true,"href":"https:\/\/archive.sana.sy\/tr\/index.php?rest_route=\/wp\/v2\/users\/1"}],"replies":[{"embeddable":true,"href":"https:\/\/archive.sana.sy\/tr\/index.php?rest_route=%2Fwp%2Fv2%2Fcomments&post=81645"}],"version-history":[{"count":0,"href":"https:\/\/archive.sana.sy\/tr\/index.php?rest_route=\/wp\/v2\/posts\/81645\/revisions"}],"wp:featuredmedia":[{"embeddable":true,"href":"https:\/\/archive.sana.sy\/tr\/index.php?rest_route=\/wp\/v2\/media\/81648"}],"wp:attachment":[{"href":"https:\/\/archive.sana.sy\/tr\/index.php?rest_route=%2Fwp%2Fv2%2Fmedia&parent=81645"}],"wp:term":[{"taxonomy":"category","embeddable":true,"href":"https:\/\/archive.sana.sy\/tr\/index.php?rest_route=%2Fwp%2Fv2%2Fcategories&post=81645"},{"taxonomy":"post_tag","embeddable":true,"href":"https:\/\/archive.sana.sy\/tr\/index.php?rest_route=%2Fwp%2Fv2%2Ftags&post=81645"}],"curies":[{"name":"wp","href":"https:\/\/api.w.org\/{rel}","templated":true}]}}