{"id":81652,"date":"2016-07-31T14:53:04","date_gmt":"2016-07-31T11:53:04","guid":{"rendered":"http:\/\/www.sana.sy\/tr\/?p=81652"},"modified":"2016-07-31T14:53:04","modified_gmt":"2016-07-31T11:53:04","slug":"suveydada-6-engelliler-festivali-faaliyetlerine-basladi","status":"publish","type":"post","link":"https:\/\/archive.sana.sy\/tr\/?p=81652","title":{"rendered":"S\u00fcveyda\u2019da 6. Engelliler Festivali faaliyetlerine ba\u015flad\u0131"},"content":{"rendered":"<p>S\u00fcveyda\u2019da 6. Engelliler Festivali faaliyetlerine ba\u015flad\u0131<\/p>\n<p>https:\/\/www.youtube.com\/watch?v=2QQ2ozh0qW8<\/p>\n","protected":false},"excerpt":{"rendered":"<p>S\u00fcveyda\u2019da 6. Engelliler Festivali faaliyetlerine ba\u015flad\u0131 https:\/\/www.youtube.com\/watch?v=2QQ2ozh0qW8<\/p>\n","protected":false},"author":1,"featured_media":81653,"comment_status":"closed","ping_status":"closed","sticky":false,"template":"","format":"standard","meta":{"footnotes":""},"categories":[18295],"tags":[],"class_list":["post-81652","post","type-post","status-publish","format-standard","has-post-thumbnail","","category-sana-video"],"_links":{"self":[{"href":"https:\/\/archive.sana.sy\/tr\/index.php?rest_route=\/wp\/v2\/posts\/81652","targetHints":{"allow":["GET"]}}],"collection":[{"href":"https:\/\/archive.sana.sy\/tr\/index.php?rest_route=\/wp\/v2\/posts"}],"about":[{"href":"https:\/\/archive.sana.sy\/tr\/index.php?rest_route=\/wp\/v2\/types\/post"}],"author":[{"embeddable":true,"href":"https:\/\/archive.sana.sy\/tr\/index.php?rest_route=\/wp\/v2\/users\/1"}],"replies":[{"embeddable":true,"href":"https:\/\/archive.sana.sy\/tr\/index.php?rest_route=%2Fwp%2Fv2%2Fcomments&post=81652"}],"version-history":[{"count":0,"href":"https:\/\/archive.sana.sy\/tr\/index.php?rest_route=\/wp\/v2\/posts\/81652\/revisions"}],"wp:featuredmedia":[{"embeddable":true,"href":"https:\/\/archive.sana.sy\/tr\/index.php?rest_route=\/wp\/v2\/media\/81653"}],"wp:attachment":[{"href":"https:\/\/archive.sana.sy\/tr\/index.php?rest_route=%2Fwp%2Fv2%2Fmedia&parent=81652"}],"wp:term":[{"taxonomy":"category","embeddable":true,"href":"https:\/\/archive.sana.sy\/tr\/index.php?rest_route=%2Fwp%2Fv2%2Fcategories&post=81652"},{"taxonomy":"post_tag","embeddable":true,"href":"https:\/\/archive.sana.sy\/tr\/index.php?rest_route=%2Fwp%2Fv2%2Ftags&post=81652"}],"curies":[{"name":"wp","href":"https:\/\/api.w.org\/{rel}","templated":true}]}}