{"id":81688,"date":"2016-07-31T09:29:44","date_gmt":"2016-07-31T06:29:44","guid":{"rendered":"http:\/\/www.sana.sy\/tr\/?p=81688"},"modified":"2016-07-31T15:26:46","modified_gmt":"2016-07-31T12:26:46","slug":"idlib-kirsalinda-turkiye-ve-suudi-arabistan-rejimlerine-tabi-olan-teroristler-iki-yildan-fazla-bir-suredir-ablukaya-aldiklari-ve-her-turlu-gida-veya-tibbi-yardimin-gecisini-engelledikleri-fua-beldesin","status":"publish","type":"post","link":"https:\/\/archive.sana.sy\/tr\/?p=81688","title":{"rendered":"\u0130dlib k\u0131rsal\u0131nda T\u00fcrkiye ve Suudi Arabistan rejimlerine tabi olan ter\u00f6ristler iki y\u0131ldan fazla bir s\u00fcredir ablukaya ald\u0131klar\u0131 ve her t\u00fcrl\u00fc g\u0131da veya t\u0131bbi yard\u0131m\u0131n ge\u00e7i\u015fini engelledikleri Fua Beldesine makineli silahlar ve keskin ni\u015fanc\u0131 silahlar\u0131yla ate\u015f a\u00e7t\u0131lar"},"content":{"rendered":"<p>\u0130dlib k\u0131rsal\u0131nda T\u00fcrkiye ve Suudi Arabistan rejimlerine tabi olan ter\u00f6ristler iki y\u0131ldan fazla bir s\u00fcredir ablukaya ald\u0131klar\u0131 ve her t\u00fcrl\u00fc g\u0131da veya t\u0131bbi yard\u0131m\u0131n ge\u00e7i\u015fini engelledikleri Fua Beldesine makineli silahlar ve keskin ni\u015fanc\u0131 silahlar\u0131yla ate\u015f a\u00e7t\u0131lar<\/p>\n","protected":false},"excerpt":{"rendered":"<p>\u0130dlib k\u0131rsal\u0131nda T\u00fcrkiye ve Suudi Arabistan rejimlerine tabi olan ter\u00f6ristler iki y\u0131ldan fazla bir s\u00fcredir ablukaya ald\u0131klar\u0131 ve her t\u00fcrl\u00fc g\u0131da veya t\u0131bbi yard\u0131m\u0131n ge\u00e7i\u015fini engelledikleri Fua Beldesine makineli silahlar ve keskin ni\u015fanc\u0131 silahlar\u0131yla ate\u015f a\u00e7t\u0131lar<\/p>\n","protected":false},"author":1,"featured_media":0,"comment_status":"closed","ping_status":"closed","sticky":false,"template":"","format":"standard","meta":{"footnotes":""},"categories":[17991],"tags":[],"class_list":["post-81688","post","type-post","status-publish","format-standard","","category-son-dakika"],"_links":{"self":[{"href":"https:\/\/archive.sana.sy\/tr\/index.php?rest_route=\/wp\/v2\/posts\/81688","targetHints":{"allow":["GET"]}}],"collection":[{"href":"https:\/\/archive.sana.sy\/tr\/index.php?rest_route=\/wp\/v2\/posts"}],"about":[{"href":"https:\/\/archive.sana.sy\/tr\/index.php?rest_route=\/wp\/v2\/types\/post"}],"author":[{"embeddable":true,"href":"https:\/\/archive.sana.sy\/tr\/index.php?rest_route=\/wp\/v2\/users\/1"}],"replies":[{"embeddable":true,"href":"https:\/\/archive.sana.sy\/tr\/index.php?rest_route=%2Fwp%2Fv2%2Fcomments&post=81688"}],"version-history":[{"count":0,"href":"https:\/\/archive.sana.sy\/tr\/index.php?rest_route=\/wp\/v2\/posts\/81688\/revisions"}],"wp:attachment":[{"href":"https:\/\/archive.sana.sy\/tr\/index.php?rest_route=%2Fwp%2Fv2%2Fmedia&parent=81688"}],"wp:term":[{"taxonomy":"category","embeddable":true,"href":"https:\/\/archive.sana.sy\/tr\/index.php?rest_route=%2Fwp%2Fv2%2Fcategories&post=81688"},{"taxonomy":"post_tag","embeddable":true,"href":"https:\/\/archive.sana.sy\/tr\/index.php?rest_route=%2Fwp%2Fv2%2Ftags&post=81688"}],"curies":[{"name":"wp","href":"https:\/\/api.w.org\/{rel}","templated":true}]}}