{"id":81760,"date":"2016-07-31T21:46:21","date_gmt":"2016-07-31T18:46:21","guid":{"rendered":"http:\/\/www.sana.sy\/tr\/?p=81760"},"modified":"2016-08-02T12:37:09","modified_gmt":"2016-08-02T09:37:09","slug":"suriye-halkinin-ideallerini-garantileyecek-zafer-saglanmalidir","status":"publish","type":"post","link":"https:\/\/archive.sana.sy\/tr\/?p=81760","title":{"rendered":"Suriye Halk\u0131n\u0131n \u0130deallerini Garantileyecek Zafer Sa\u011flanmal\u0131d\u0131r"},"content":{"rendered":"<p>\u015eAM \u2013 Cumhurba\u015fkan\u0131 Be\u015f\u015far el Esad Suriye ordusunun ter\u00f6rle m\u00fccadele ve bu ter\u00f6r\u00fc bertaraf etmeye en \u00e7ok kadir olan g\u00fc\u00e7 oldu\u011funu belirtirken, Suriye ve b\u00f6lgede her daim g\u00fcvenlik ve istikrar\u0131n destek\u00e7isi olarak kalaca\u011f\u0131n\u0131 belirtti.<\/p>\n<p>Suriye Ordusunun 71. Kurulu\u015f Y\u0131ld\u00f6n\u00fcm\u00fc m\u00fcnasebetiyle Ordu Dergisi arac\u0131l\u0131\u011f\u0131 ile ordu ve silahl\u0131 kuvvetlerimize y\u00f6neltti\u011fi s\u00f6zlerinde el Esad; Suriye ordusunun vatan\u0131 koruyup, egemenli\u011fi ve onurunu savunan g\u00fc\u00e7l\u00fc bir kale olarak kalaca\u011f\u0131n\u0131n alt\u0131n\u0131 \u00e7izdi.<\/p>\n<p>T\u00fcm ordu ve silahl\u0131 kuvvetlerimizin Suriyelilerin onur ve gurur kayna\u011f\u0131 oldu\u011funu ifade eden el Esad; vatan ve halk\u0131n\u0131n selameti i\u00e7in e\u015fi benzeri g\u00f6r\u00fclmemi\u015f kahramanl\u0131kla \u00f6zverilerde bulunan ordu ve silahl\u0131 kuvvetlerimizi selamlad\u0131.<\/p>\n<p>El Esad ordu ve silahl\u0131 kuvvetlerimizin asker ve sivil personelleri ile be\u015f y\u0131la a\u015fk\u0131n s\u00fcredir d\u0131\u015f destekli ter\u00f6re kar\u015f\u0131 g\u00f6sterdikleri m\u00fccadele ve kaydettikleri \u00fcst\u00fcn ba\u015far\u0131lar\u0131n takdire \u015fayan oldu\u011funu ifade etti. Ordu ve silahl\u0131 kuvvetlerimizin Suriye&#8217;nin tarih boyunca tan\u0131k oldu\u011fu en h\u0131r\u00e7\u0131n sava\u015fa kar\u015f\u0131 sa\u011flad\u0131klar\u0131 ba\u015far\u0131lar\u0131 \u00f6ven el Esad; eski-yeni hegemonya ve s\u00f6m\u00fcr\u00fc planlar\u0131n\u0131n ordu birliklerimizin kahramanl\u0131klar\u0131yla birlikte Suriyelilerin azimleri, onuru, birlikleri ve yurtseverlikleri kar\u015f\u0131s\u0131nda sert bir kayaya \u00e7arp\u0131p \u00e7\u00f6kertildi\u011fini ifade etti.<\/p>\n<p>Dost ve d\u00fc\u015fman t\u00fcm d\u00fcnyan\u0131n Suriye ordusunun vatan\u0131 savunma azmi ve kararl\u0131l\u0131\u011f\u0131na hayranl\u0131kla bakt\u0131\u011f\u0131na i\u015faret eden el Esad; Suriye ordusunun, onur ve zaferle dolu tarihe sahip asil bir kurumun evlatlar\u0131 olduklar\u0131n\u0131 kan\u0131tlad\u0131klar\u0131n\u0131 belirtti.<\/p>\n<p>Cumhurba\u015fkan\u0131 el Esad; ordu ve silahl\u0131 kuvvetlerimizin be\u015f y\u0131la a\u015fk\u0131n s\u00fcredir insanl\u0131k ve medeniyet d\u00fc\u015fmanlar\u0131na kar\u015f\u0131 onurlu sava\u015flar\u0131 ve zaferlerinin t\u00fcm d\u00fcnyan\u0131n takdirini kazanmas\u0131n\u0131n yan\u0131 s\u0131ra Suriye halk\u0131n\u0131n da birlik beraberlik i\u00e7inde vatan ve ordusu etraf\u0131ndan saflar\u0131n\u0131 daha da s\u0131kla\u015ft\u0131rmas\u0131na yol a\u00e7t\u0131\u011f\u0131n\u0131 belirtti.<\/p>\n<p>S\u00f6zlerine devam eden el Esad ordu ve silahl\u0131 kuvvetlerimizin bug\u00fcn b\u00fck\u00fclmez bir irade ve muazzam bir kararl\u0131l\u0131kla vatan ve vatanda\u015flar\u0131n selametini savunmaya devam ettiklerini ifade etti. Suriye ordusunun muhtelif b\u00f6lgelerde d\u00fc\u015fmanlar\u0131 \u015foke eden zaferlere imza att\u0131klar\u0131na dikkat \u00e7eken el Esad; ola\u011fan\u00fcst\u00fc say\u0131lan t\u00fcm bu ba\u015far\u0131lar\u0131n ter\u00f6re kar\u015f\u0131 sava\u015f ve bu ter\u00f6r\u00fc yok etmede en kadir g\u00fc\u00e7 oldu\u011funu kan\u0131tlad\u0131klar\u0131n\u0131n alt\u0131n\u0131 \u00e7izdi.<\/p>\n<p>El Esad Suriye&#8217;nin bu s\u00fcre\u00e7 i\u00e7inde bir yol kav\u015fa\u011f\u0131n\u0131n e\u015fi\u011finde oldu\u011funa dikkat \u00e7ekerken; bu s\u00fcre\u00e7 i\u00e7inde herkesin daha dikkatli, bilin\u00e7li ve haz\u0131rl\u0131kl\u0131 olmas\u0131n\u0131 gerektirdi\u011fini vurgulad\u0131. Suriye ve halk\u0131n\u0131n gelece\u011fini parlak ve g\u00fczel bir y\u00f6ne almak i\u00e7in herkesin \u00e7abalar\u0131n\u0131 ikiye katlamas\u0131 gerekti\u011fini ifade eden el Esad; ulusal m\u00fccadele portresini \u00fcst\u00fcn bir yarat\u0131c\u0131l\u0131kla resmeden Suriye halk\u0131n\u0131n ideallerini garantileyecek zaferin sa\u011flanmas\u0131 \u00f6neminin alt\u0131n\u0131 \u00e7izdi.<\/p>\n<p>Vatan u\u011fruna canlar\u0131n\u0131 feda eden \u015fehitlerimizin \u00f6l\u00fcms\u00fcz kalacaklar\u0131n\u0131 ifade eden el Esad; yaral\u0131 kahramanlar\u0131m\u0131z\u0131 da selamlad\u0131.<\/p>\n","protected":false},"excerpt":{"rendered":"<p>\u015eAM \u2013 Cumhurba\u015fkan\u0131 Be\u015f\u015far el Esad Suriye ordusunun ter\u00f6rle m\u00fccadele ve bu ter\u00f6r\u00fc bertaraf etmeye en \u00e7ok kadir olan g\u00fc\u00e7 oldu\u011funu belirtirken, Suriye ve b\u00f6lgede her daim g\u00fcvenlik ve istikrar\u0131n destek\u00e7isi olarak kalaca\u011f\u0131n\u0131 belirtti. Suriye Ordusunun 71. Kurulu\u015f Y\u0131ld\u00f6n\u00fcm\u00fc m\u00fcnasebetiyle Ordu Dergisi arac\u0131l\u0131\u011f\u0131 ile ordu ve silahl\u0131 kuvvetlerimize y\u00f6neltti\u011fi s\u00f6zlerinde el Esad; Suriye ordusunun vatan\u0131 &hellip;<\/p>\n","protected":false},"author":1,"featured_media":81761,"comment_status":"closed","ping_status":"closed","sticky":false,"template":"","format":"standard","meta":{"footnotes":""},"categories":[479,609,605,478],"tags":[16402,22823],"class_list":["post-81760","post","type-post","status-publish","format-standard","has-post-thumbnail","","category-haberler-yerel","category-konusmalar","category-sayin-cumhurbaskani","category-yerel","tag-cumhurbaskani-bessar-el-esad","tag-suriye-halkinin-ideallerini-garantileyecek-zafer-saglanmalidir"],"_links":{"self":[{"href":"https:\/\/archive.sana.sy\/tr\/index.php?rest_route=\/wp\/v2\/posts\/81760","targetHints":{"allow":["GET"]}}],"collection":[{"href":"https:\/\/archive.sana.sy\/tr\/index.php?rest_route=\/wp\/v2\/posts"}],"about":[{"href":"https:\/\/archive.sana.sy\/tr\/index.php?rest_route=\/wp\/v2\/types\/post"}],"author":[{"embeddable":true,"href":"https:\/\/archive.sana.sy\/tr\/index.php?rest_route=\/wp\/v2\/users\/1"}],"replies":[{"embeddable":true,"href":"https:\/\/archive.sana.sy\/tr\/index.php?rest_route=%2Fwp%2Fv2%2Fcomments&post=81760"}],"version-history":[{"count":0,"href":"https:\/\/archive.sana.sy\/tr\/index.php?rest_route=\/wp\/v2\/posts\/81760\/revisions"}],"wp:featuredmedia":[{"embeddable":true,"href":"https:\/\/archive.sana.sy\/tr\/index.php?rest_route=\/wp\/v2\/media\/81761"}],"wp:attachment":[{"href":"https:\/\/archive.sana.sy\/tr\/index.php?rest_route=%2Fwp%2Fv2%2Fmedia&parent=81760"}],"wp:term":[{"taxonomy":"category","embeddable":true,"href":"https:\/\/archive.sana.sy\/tr\/index.php?rest_route=%2Fwp%2Fv2%2Fcategories&post=81760"},{"taxonomy":"post_tag","embeddable":true,"href":"https:\/\/archive.sana.sy\/tr\/index.php?rest_route=%2Fwp%2Fv2%2Ftags&post=81760"}],"curies":[{"name":"wp","href":"https:\/\/api.w.org\/{rel}","templated":true}]}}