{"id":81815,"date":"2016-08-01T10:00:12","date_gmt":"2016-08-01T07:00:12","guid":{"rendered":"http:\/\/www.sana.sy\/tr\/?p=81815"},"modified":"2016-08-01T13:03:01","modified_gmt":"2016-08-01T10:03:01","slug":"suriye-ordusunun-71-kurulus-yildonumu-munasebetiyle-devrimci-genclik-birligi-suveyda-il-subesi-askeri-mevkide-ulusal-faaliyet-duzenledi","status":"publish","type":"post","link":"https:\/\/archive.sana.sy\/tr\/?p=81815","title":{"rendered":"Suriye Ordusunun 71. Kurulu\u015f Y\u0131ld\u00f6n\u00fcm\u00fc m\u00fcnasebetiyle Devrimci Gen\u00e7lik Birli\u011fi S\u00fcveyda \u0130l \u015eubesi askeri mevkide ulusal faaliyet d\u00fczenledi"},"content":{"rendered":"<p>Suriye Ordusunun 71. Kurulu\u015f Y\u0131ld\u00f6n\u00fcm\u00fc m\u00fcnasebetiyle Devrimci Gen\u00e7lik Birli\u011fi S\u00fcveyda \u0130l \u015eubesi askeri mevkide ulusal faaliyet d\u00fczenledi<\/p>\n<p>https:\/\/youtu.be\/8Dz19Z1hEMk<\/p>\n<p>R.H.<\/p>\n","protected":false},"excerpt":{"rendered":"<p>Suriye Ordusunun 71. Kurulu\u015f Y\u0131ld\u00f6n\u00fcm\u00fc m\u00fcnasebetiyle Devrimci Gen\u00e7lik Birli\u011fi S\u00fcveyda \u0130l \u015eubesi askeri mevkide ulusal faaliyet d\u00fczenledi https:\/\/youtu.be\/8Dz19Z1hEMk R.H.<\/p>\n","protected":false},"author":1,"featured_media":81816,"comment_status":"closed","ping_status":"closed","sticky":false,"template":"","format":"standard","meta":{"footnotes":""},"categories":[18295],"tags":[22837],"class_list":["post-81815","post","type-post","status-publish","format-standard","has-post-thumbnail","","category-sana-video","tag-suriye-ordusunun-71-kurulus-yildonumu-munasebetiyle-devrimci-genclik-birligi-suveyda-il-subesi-askeri-mevkide-ulusal-faaliyet-duzenledi"],"_links":{"self":[{"href":"https:\/\/archive.sana.sy\/tr\/index.php?rest_route=\/wp\/v2\/posts\/81815","targetHints":{"allow":["GET"]}}],"collection":[{"href":"https:\/\/archive.sana.sy\/tr\/index.php?rest_route=\/wp\/v2\/posts"}],"about":[{"href":"https:\/\/archive.sana.sy\/tr\/index.php?rest_route=\/wp\/v2\/types\/post"}],"author":[{"embeddable":true,"href":"https:\/\/archive.sana.sy\/tr\/index.php?rest_route=\/wp\/v2\/users\/1"}],"replies":[{"embeddable":true,"href":"https:\/\/archive.sana.sy\/tr\/index.php?rest_route=%2Fwp%2Fv2%2Fcomments&post=81815"}],"version-history":[{"count":0,"href":"https:\/\/archive.sana.sy\/tr\/index.php?rest_route=\/wp\/v2\/posts\/81815\/revisions"}],"wp:featuredmedia":[{"embeddable":true,"href":"https:\/\/archive.sana.sy\/tr\/index.php?rest_route=\/wp\/v2\/media\/81816"}],"wp:attachment":[{"href":"https:\/\/archive.sana.sy\/tr\/index.php?rest_route=%2Fwp%2Fv2%2Fmedia&parent=81815"}],"wp:term":[{"taxonomy":"category","embeddable":true,"href":"https:\/\/archive.sana.sy\/tr\/index.php?rest_route=%2Fwp%2Fv2%2Fcategories&post=81815"},{"taxonomy":"post_tag","embeddable":true,"href":"https:\/\/archive.sana.sy\/tr\/index.php?rest_route=%2Fwp%2Fv2%2Ftags&post=81815"}],"curies":[{"name":"wp","href":"https:\/\/api.w.org\/{rel}","templated":true}]}}