{"id":81825,"date":"2016-08-01T12:00:34","date_gmt":"2016-08-01T09:00:34","guid":{"rendered":"http:\/\/www.sana.sy\/tr\/?p=81825"},"modified":"2016-08-02T10:35:21","modified_gmt":"2016-08-02T07:35:21","slug":"cabalar-ikiye-katlanmali","status":"publish","type":"post","link":"https:\/\/archive.sana.sy\/tr\/?p=81825","title":{"rendered":"\u00c7abalar \u0130kiye Katlanmal\u0131"},"content":{"rendered":"<p>HALEP \u2013 Sa\u011fl\u0131k Bakan\u0131 Nizar Yaz\u0131c\u0131 Halep\u2019te Razi Hastanesine saha gezisinde bulunarak hastanenin durumu ve verdi\u011fi hizmetleri inceledi.<\/p>\n<p>Bakan Yaz\u0131c\u0131 gezisi s\u0131ras\u0131nda yapt\u0131\u011f\u0131 bas\u0131n a\u00e7\u0131klamalar\u0131nda devletin Halep\u2019te t\u00fcm hastane ve sa\u011fl\u0131k merkezlerine gerekli sa\u011fl\u0131k personelleri ve t\u0131bbi te\u00e7hizatlar\u0131 temin etmeye b\u00fcy\u00fck \u00f6zen g\u00f6sterdi\u011fini belirtti.<\/p>\n<p>Hastanede vatanda\u015flarla bir araya gelerek sorun ve g\u00f6r\u00fc\u015flerini dinleyen Sa\u011fl\u0131k Bakan\u0131 Yaz\u0131c\u0131; vatanda\u015flara verilen hizmet kalitesinin peki\u015ftirilmesi i\u00e7in \u00e7abalar\u0131n ikiye katlanmas\u0131 gere\u011fini vurgulad\u0131.<\/p>\n<div id='gallery-1' class='gallery galleryid-81825 gallery-columns-2 gallery-size-thumbnail'><figure class='gallery-item'>\n\t\t\t<div class='gallery-icon landscape'>\n\t\t\t\t<a href='https:\/\/archive.sana.sy\/tr\/wp-content\/uploads\/2016\/08\/sa\u011fl\u0131k-bakan\u0131-1.jpg'><img loading=\"lazy\" decoding=\"async\" width=\"150\" height=\"100\" src=\"https:\/\/archive.sana.sy\/tr\/wp-content\/uploads\/2016\/08\/sa\u011fl\u0131k-bakan\u0131-1-150x100.jpg\" class=\"attachment-thumbnail size-thumbnail\" alt=\"\" srcset=\"https:\/\/archive.sana.sy\/tr\/wp-content\/uploads\/2016\/08\/sa\u011fl\u0131k-bakan\u0131-1-150x100.jpg 150w, https:\/\/archive.sana.sy\/tr\/wp-content\/uploads\/2016\/08\/sa\u011fl\u0131k-bakan\u0131-1-300x200.jpg 300w, https:\/\/archive.sana.sy\/tr\/wp-content\/uploads\/2016\/08\/sa\u011fl\u0131k-bakan\u0131-1-768x512.jpg 768w, https:\/\/archive.sana.sy\/tr\/wp-content\/uploads\/2016\/08\/sa\u011fl\u0131k-bakan\u0131-1-1024x682.jpg 1024w, https:\/\/archive.sana.sy\/tr\/wp-content\/uploads\/2016\/08\/sa\u011fl\u0131k-bakan\u0131-1-310x205.jpg 310w, https:\/\/archive.sana.sy\/tr\/wp-content\/uploads\/2016\/08\/sa\u011fl\u0131k-bakan\u0131-1.jpg 1685w\" sizes=\"auto, (max-width: 150px) 100vw, 150px\" \/><\/a>\n\t\t\t<\/div><\/figure><figure class='gallery-item'>\n\t\t\t<div class='gallery-icon landscape'>\n\t\t\t\t<a href='https:\/\/archive.sana.sy\/tr\/wp-content\/uploads\/2016\/08\/sa\u011fl\u0131k-bakan\u0131-3.jpg'><img loading=\"lazy\" decoding=\"async\" width=\"150\" height=\"100\" src=\"https:\/\/archive.sana.sy\/tr\/wp-content\/uploads\/2016\/08\/sa\u011fl\u0131k-bakan\u0131-3-150x100.jpg\" class=\"attachment-thumbnail size-thumbnail\" alt=\"\" srcset=\"https:\/\/archive.sana.sy\/tr\/wp-content\/uploads\/2016\/08\/sa\u011fl\u0131k-bakan\u0131-3-150x100.jpg 150w, https:\/\/archive.sana.sy\/tr\/wp-content\/uploads\/2016\/08\/sa\u011fl\u0131k-bakan\u0131-3-300x200.jpg 300w, https:\/\/archive.sana.sy\/tr\/wp-content\/uploads\/2016\/08\/sa\u011fl\u0131k-bakan\u0131-3-768x512.jpg 768w, https:\/\/archive.sana.sy\/tr\/wp-content\/uploads\/2016\/08\/sa\u011fl\u0131k-bakan\u0131-3-1024x682.jpg 1024w, https:\/\/archive.sana.sy\/tr\/wp-content\/uploads\/2016\/08\/sa\u011fl\u0131k-bakan\u0131-3-310x205.jpg 310w, https:\/\/archive.sana.sy\/tr\/wp-content\/uploads\/2016\/08\/sa\u011fl\u0131k-bakan\u0131-3.jpg 1685w\" sizes=\"auto, (max-width: 150px) 100vw, 150px\" \/><\/a>\n\t\t\t<\/div><\/figure><figure class='gallery-item'>\n\t\t\t<div class='gallery-icon landscape'>\n\t\t\t\t<a href='https:\/\/archive.sana.sy\/tr\/wp-content\/uploads\/2016\/08\/sa\u011fl\u0131k-bakan\u0131-2.jpg'><img loading=\"lazy\" decoding=\"async\" width=\"150\" height=\"99\" src=\"https:\/\/archive.sana.sy\/tr\/wp-content\/uploads\/2016\/08\/sa\u011fl\u0131k-bakan\u0131-2-150x99.jpg\" class=\"attachment-thumbnail size-thumbnail\" alt=\"\" srcset=\"https:\/\/archive.sana.sy\/tr\/wp-content\/uploads\/2016\/08\/sa\u011fl\u0131k-bakan\u0131-2-150x99.jpg 150w, https:\/\/archive.sana.sy\/tr\/wp-content\/uploads\/2016\/08\/sa\u011fl\u0131k-bakan\u0131-2-300x199.jpg 300w, https:\/\/archive.sana.sy\/tr\/wp-content\/uploads\/2016\/08\/sa\u011fl\u0131k-bakan\u0131-2-768x509.jpg 768w, https:\/\/archive.sana.sy\/tr\/wp-content\/uploads\/2016\/08\/sa\u011fl\u0131k-bakan\u0131-2-1024x679.jpg 1024w, https:\/\/archive.sana.sy\/tr\/wp-content\/uploads\/2016\/08\/sa\u011fl\u0131k-bakan\u0131-2-310x205.jpg 310w, https:\/\/archive.sana.sy\/tr\/wp-content\/uploads\/2016\/08\/sa\u011fl\u0131k-bakan\u0131-2.jpg 1631w\" sizes=\"auto, (max-width: 150px) 100vw, 150px\" \/><\/a>\n\t\t\t<\/div><\/figure><figure class='gallery-item'>\n\t\t\t<div class='gallery-icon landscape'>\n\t\t\t\t<a href='https:\/\/archive.sana.sy\/tr\/wp-content\/uploads\/2016\/08\/sa\u011fl\u0131k-bakan\u0131.jpg'><img loading=\"lazy\" decoding=\"async\" width=\"150\" height=\"100\" src=\"https:\/\/archive.sana.sy\/tr\/wp-content\/uploads\/2016\/08\/sa\u011fl\u0131k-bakan\u0131-150x100.jpg\" class=\"attachment-thumbnail size-thumbnail\" alt=\"\" srcset=\"https:\/\/archive.sana.sy\/tr\/wp-content\/uploads\/2016\/08\/sa\u011fl\u0131k-bakan\u0131-150x100.jpg 150w, https:\/\/archive.sana.sy\/tr\/wp-content\/uploads\/2016\/08\/sa\u011fl\u0131k-bakan\u0131-300x200.jpg 300w, https:\/\/archive.sana.sy\/tr\/wp-content\/uploads\/2016\/08\/sa\u011fl\u0131k-bakan\u0131-768x512.jpg 768w, https:\/\/archive.sana.sy\/tr\/wp-content\/uploads\/2016\/08\/sa\u011fl\u0131k-bakan\u0131-1024x682.jpg 1024w, https:\/\/archive.sana.sy\/tr\/wp-content\/uploads\/2016\/08\/sa\u011fl\u0131k-bakan\u0131-310x205.jpg 310w, https:\/\/archive.sana.sy\/tr\/wp-content\/uploads\/2016\/08\/sa\u011fl\u0131k-bakan\u0131.jpg 1685w\" sizes=\"auto, (max-width: 150px) 100vw, 150px\" \/><\/a>\n\t\t\t<\/div><\/figure>\n\t\t<\/div>\n\n","protected":false},"excerpt":{"rendered":"<p>HALEP \u2013 Sa\u011fl\u0131k Bakan\u0131 Nizar Yaz\u0131c\u0131 Halep\u2019te Razi Hastanesine saha gezisinde bulunarak hastanenin durumu ve verdi\u011fi hizmetleri inceledi. Bakan Yaz\u0131c\u0131 gezisi s\u0131ras\u0131nda yapt\u0131\u011f\u0131 bas\u0131n a\u00e7\u0131klamalar\u0131nda devletin Halep\u2019te t\u00fcm hastane ve sa\u011fl\u0131k merkezlerine gerekli sa\u011fl\u0131k personelleri ve t\u0131bbi te\u00e7hizatlar\u0131 temin etmeye b\u00fcy\u00fck \u00f6zen g\u00f6sterdi\u011fini belirtti. Hastanede vatanda\u015flarla bir araya gelerek sorun ve g\u00f6r\u00fc\u015flerini dinleyen Sa\u011fl\u0131k Bakan\u0131 &hellip;<\/p>\n","protected":false},"author":1,"featured_media":81830,"comment_status":"closed","ping_status":"closed","sticky":false,"template":"","format":"standard","meta":{"footnotes":""},"categories":[479,17988,478],"tags":[22838],"class_list":["post-81825","post","type-post","status-publish","format-standard","has-post-thumbnail","","category-haberler-yerel","category-son-haberler","category-yerel","tag-cabalar-ikiye-katlanmali"],"_links":{"self":[{"href":"https:\/\/archive.sana.sy\/tr\/index.php?rest_route=\/wp\/v2\/posts\/81825","targetHints":{"allow":["GET"]}}],"collection":[{"href":"https:\/\/archive.sana.sy\/tr\/index.php?rest_route=\/wp\/v2\/posts"}],"about":[{"href":"https:\/\/archive.sana.sy\/tr\/index.php?rest_route=\/wp\/v2\/types\/post"}],"author":[{"embeddable":true,"href":"https:\/\/archive.sana.sy\/tr\/index.php?rest_route=\/wp\/v2\/users\/1"}],"replies":[{"embeddable":true,"href":"https:\/\/archive.sana.sy\/tr\/index.php?rest_route=%2Fwp%2Fv2%2Fcomments&post=81825"}],"version-history":[{"count":0,"href":"https:\/\/archive.sana.sy\/tr\/index.php?rest_route=\/wp\/v2\/posts\/81825\/revisions"}],"wp:featuredmedia":[{"embeddable":true,"href":"https:\/\/archive.sana.sy\/tr\/index.php?rest_route=\/wp\/v2\/media\/81830"}],"wp:attachment":[{"href":"https:\/\/archive.sana.sy\/tr\/index.php?rest_route=%2Fwp%2Fv2%2Fmedia&parent=81825"}],"wp:term":[{"taxonomy":"category","embeddable":true,"href":"https:\/\/archive.sana.sy\/tr\/index.php?rest_route=%2Fwp%2Fv2%2Fcategories&post=81825"},{"taxonomy":"post_tag","embeddable":true,"href":"https:\/\/archive.sana.sy\/tr\/index.php?rest_route=%2Fwp%2Fv2%2Ftags&post=81825"}],"curies":[{"name":"wp","href":"https:\/\/api.w.org\/{rel}","templated":true}]}}