{"id":81844,"date":"2016-08-01T13:48:02","date_gmt":"2016-08-01T10:48:02","guid":{"rendered":"http:\/\/www.sana.sy\/tr\/?p=81844"},"modified":"2016-08-02T10:35:33","modified_gmt":"2016-08-02T07:35:33","slug":"insani-yardim-helikopterini-dusurduler","status":"publish","type":"post","link":"https:\/\/archive.sana.sy\/tr\/?p=81844","title":{"rendered":"\u0130nsani Yard\u0131m Helikopterini D\u00fc\u015f\u00fcrd\u00fcler"},"content":{"rendered":"<p>MOSKOVA \u2013 D\u0131\u015f g\u00fc\u00e7lerin patronajl\u0131\u011f\u0131nda faaliyet g\u00f6steren ter\u00f6r \u00f6rg\u00fctleri; Halep\u2019e insani yard\u0131m ta\u015f\u0131mas\u0131 ard\u0131ndan Lazkiye k\u0131rsal\u0131 Hmeymim Hava \u00dcss\u00fcne d\u00f6nd\u00fc\u011f\u00fc s\u0131rada \u0130dlib k\u0131rsal\u0131nda Rus bir helikopteri d\u00fc\u015f\u00fcrd\u00fc.<\/p>\n<p>Rusya Savunma Bakanl\u0131\u011f\u0131 bug\u00fcn yay\u0131nlad\u0131\u011f\u0131 ve RT web haber sitesinin aktard\u0131\u011f\u0131 b\u00fcltende; Rus M-8 tipi bir helikopterin \u0130dlib k\u0131rsal\u0131nda metninde bulunan 5 askerle birlikte d\u00fc\u015ft\u00fc\u011f\u00fcn\u00fc ilan etti.<\/p>\n<p>Rus bakanl\u0131k b\u00fclteninde; d\u00fc\u015fen helikopterin, Halep\u2019e insani yard\u0131m ta\u015f\u0131mas\u0131 ard\u0131ndan Hmeymim Hava \u00dcss\u00fcne d\u00f6n\u00fc\u015f\u00fc s\u0131ras\u0131nda ter\u00f6r \u00f6rg\u00fctleri taraf\u0131ndan \u0130dlib k\u0131rsal\u0131nda u\u00e7aksavarlarla d\u00fc\u015f\u00fcr\u00fcld\u00fc\u011f\u00fcn\u00fc belirtti. Bakanl\u0131k helikopterde bulunan ve Hmeymim\u2019de Rus merkezde g\u00f6rev yapan Rus 3 asker ve subay\u0131n ak\u0131betinin bilinmedi\u011fini ifade etti.<\/p>\n<p>G\u00fcn\u00fcn ilerleyen saatlerinde ise Kremlin S\u00f6zc\u00fcs\u00fc Dmitry Peskov; insani g\u00f6revinden d\u00f6n\u00fc\u015f\u00fc s\u0131ras\u0131nda \u0130dlib k\u0131rsal\u0131nda ter\u00f6ristler taraf\u0131ndan d\u00fc\u015f\u00fcr\u00fclen Rus helikopterde bulunan 5 askerin ya\u015famlar\u0131n\u0131 yitirdiklerini ifade etmi\u015fti.<\/p>\n","protected":false},"excerpt":{"rendered":"<p>MOSKOVA \u2013 D\u0131\u015f g\u00fc\u00e7lerin patronajl\u0131\u011f\u0131nda faaliyet g\u00f6steren ter\u00f6r \u00f6rg\u00fctleri; Halep\u2019e insani yard\u0131m ta\u015f\u0131mas\u0131 ard\u0131ndan Lazkiye k\u0131rsal\u0131 Hmeymim Hava \u00dcss\u00fcne d\u00f6nd\u00fc\u011f\u00fc s\u0131rada \u0130dlib k\u0131rsal\u0131nda Rus bir helikopteri d\u00fc\u015f\u00fcrd\u00fc. Rusya Savunma Bakanl\u0131\u011f\u0131 bug\u00fcn yay\u0131nlad\u0131\u011f\u0131 ve RT web haber sitesinin aktard\u0131\u011f\u0131 b\u00fcltende; Rus M-8 tipi bir helikopterin \u0130dlib k\u0131rsal\u0131nda metninde bulunan 5 askerle birlikte d\u00fc\u015ft\u00fc\u011f\u00fcn\u00fc ilan etti. Rus &hellip;<\/p>\n","protected":false},"author":1,"featured_media":81847,"comment_status":"closed","ping_status":"closed","sticky":false,"template":"","format":"standard","meta":{"footnotes":""},"categories":[458,459,575,17988],"tags":[22841,22842],"class_list":["post-81844","post","type-post","status-publish","format-standard","has-post-thumbnail","","category-dunya1","category-haberler-arap-uluslararasi-politika","category-olaylar-ve-gercekler","category-son-haberler","tag-insani-yardim-helikopterini-dusurduler","tag-rus-bir-helikopteri-dusurdu"],"_links":{"self":[{"href":"https:\/\/archive.sana.sy\/tr\/index.php?rest_route=\/wp\/v2\/posts\/81844","targetHints":{"allow":["GET"]}}],"collection":[{"href":"https:\/\/archive.sana.sy\/tr\/index.php?rest_route=\/wp\/v2\/posts"}],"about":[{"href":"https:\/\/archive.sana.sy\/tr\/index.php?rest_route=\/wp\/v2\/types\/post"}],"author":[{"embeddable":true,"href":"https:\/\/archive.sana.sy\/tr\/index.php?rest_route=\/wp\/v2\/users\/1"}],"replies":[{"embeddable":true,"href":"https:\/\/archive.sana.sy\/tr\/index.php?rest_route=%2Fwp%2Fv2%2Fcomments&post=81844"}],"version-history":[{"count":0,"href":"https:\/\/archive.sana.sy\/tr\/index.php?rest_route=\/wp\/v2\/posts\/81844\/revisions"}],"wp:featuredmedia":[{"embeddable":true,"href":"https:\/\/archive.sana.sy\/tr\/index.php?rest_route=\/wp\/v2\/media\/81847"}],"wp:attachment":[{"href":"https:\/\/archive.sana.sy\/tr\/index.php?rest_route=%2Fwp%2Fv2%2Fmedia&parent=81844"}],"wp:term":[{"taxonomy":"category","embeddable":true,"href":"https:\/\/archive.sana.sy\/tr\/index.php?rest_route=%2Fwp%2Fv2%2Fcategories&post=81844"},{"taxonomy":"post_tag","embeddable":true,"href":"https:\/\/archive.sana.sy\/tr\/index.php?rest_route=%2Fwp%2Fv2%2Ftags&post=81844"}],"curies":[{"name":"wp","href":"https:\/\/api.w.org\/{rel}","templated":true}]}}