{"id":81879,"date":"2016-08-01T14:00:01","date_gmt":"2016-08-01T11:00:01","guid":{"rendered":"http:\/\/www.sana.sy\/tr\/?p=81879"},"modified":"2016-08-03T17:05:58","modified_gmt":"2016-08-03T14:05:58","slug":"halep-hanasir-yolunda-trafik-normal-seyir-ediyor","status":"publish","type":"post","link":"https:\/\/archive.sana.sy\/tr\/?p=81879","title":{"rendered":"Halep \u2013 Hanas\u0131r Yolunda Trafik Normal Seyir Ediyor"},"content":{"rendered":"<p>HALEP \u2013 SANA\u2019n\u0131n Halep muhabiri; Halep \u2013 Hanas\u0131r karayolunda hareketin \u00e7ift y\u00f6nde olduk\u00e7a normal bir \u015fekilde seyir etti\u011fini belirtti.<\/p>\n<p>Ter\u00f6re destekleriyle bilinen kimi medya ara\u00e7lar\u0131n\u0131n Halep \u2013 Hanas\u0131r yolunun kesildi\u011fi ve trafi\u011fin durdu\u011fu y\u00f6n\u00fcnde yaymaya \u00e7al\u0131\u015ft\u0131klar\u0131 haberlerin asl\u0131 ger\u00e7e\u011fi olmad\u0131\u011f\u0131n\u0131 ifade eden muhabir; yolun \u00e7ift y\u00f6n\u00fcnde trafi\u011fin normal bir \u015fekilde seyir etti\u011fini vurgulad\u0131.<\/p>\n","protected":false},"excerpt":{"rendered":"<p>HALEP \u2013 SANA\u2019n\u0131n Halep muhabiri; Halep \u2013 Hanas\u0131r karayolunda hareketin \u00e7ift y\u00f6nde olduk\u00e7a normal bir \u015fekilde seyir etti\u011fini belirtti. Ter\u00f6re destekleriyle bilinen kimi medya ara\u00e7lar\u0131n\u0131n Halep \u2013 Hanas\u0131r yolunun kesildi\u011fi ve trafi\u011fin durdu\u011fu y\u00f6n\u00fcnde yaymaya \u00e7al\u0131\u015ft\u0131klar\u0131 haberlerin asl\u0131 ger\u00e7e\u011fi olmad\u0131\u011f\u0131n\u0131 ifade eden muhabir; yolun \u00e7ift y\u00f6n\u00fcnde trafi\u011fin normal bir \u015fekilde seyir etti\u011fini vurgulad\u0131.<\/p>\n","protected":false},"author":1,"featured_media":81882,"comment_status":"closed","ping_status":"closed","sticky":false,"template":"","format":"standard","meta":{"footnotes":""},"categories":[479,575,17988,478],"tags":[22849,22848],"class_list":["post-81879","post","type-post","status-publish","format-standard","has-post-thumbnail","","category-haberler-yerel","category-olaylar-ve-gercekler","category-son-haberler","category-yerel","tag-halep-hanasir-karayolunda","tag-halep-hanasir-yolunda-trafik-normal-seyir-ediyor"],"_links":{"self":[{"href":"https:\/\/archive.sana.sy\/tr\/index.php?rest_route=\/wp\/v2\/posts\/81879","targetHints":{"allow":["GET"]}}],"collection":[{"href":"https:\/\/archive.sana.sy\/tr\/index.php?rest_route=\/wp\/v2\/posts"}],"about":[{"href":"https:\/\/archive.sana.sy\/tr\/index.php?rest_route=\/wp\/v2\/types\/post"}],"author":[{"embeddable":true,"href":"https:\/\/archive.sana.sy\/tr\/index.php?rest_route=\/wp\/v2\/users\/1"}],"replies":[{"embeddable":true,"href":"https:\/\/archive.sana.sy\/tr\/index.php?rest_route=%2Fwp%2Fv2%2Fcomments&post=81879"}],"version-history":[{"count":0,"href":"https:\/\/archive.sana.sy\/tr\/index.php?rest_route=\/wp\/v2\/posts\/81879\/revisions"}],"wp:featuredmedia":[{"embeddable":true,"href":"https:\/\/archive.sana.sy\/tr\/index.php?rest_route=\/wp\/v2\/media\/81882"}],"wp:attachment":[{"href":"https:\/\/archive.sana.sy\/tr\/index.php?rest_route=%2Fwp%2Fv2%2Fmedia&parent=81879"}],"wp:term":[{"taxonomy":"category","embeddable":true,"href":"https:\/\/archive.sana.sy\/tr\/index.php?rest_route=%2Fwp%2Fv2%2Fcategories&post=81879"},{"taxonomy":"post_tag","embeddable":true,"href":"https:\/\/archive.sana.sy\/tr\/index.php?rest_route=%2Fwp%2Fv2%2Ftags&post=81879"}],"curies":[{"name":"wp","href":"https:\/\/api.w.org\/{rel}","templated":true}]}}