{"id":81925,"date":"2016-08-01T22:30:29","date_gmt":"2016-08-01T19:30:29","guid":{"rendered":"http:\/\/www.sana.sy\/tr\/?p=81925"},"modified":"2016-08-02T15:21:35","modified_gmt":"2016-08-02T12:21:35","slug":"vatan-sereftir-siarina-hayat-veren-ordumuzu-selamladilarvideo","status":"publish","type":"post","link":"https:\/\/archive.sana.sy\/tr\/?p=81925","title":{"rendered":"Vatan \u015eereftir \u015eiar\u0131na Hayat Veren Ordumuzu Selamlad\u0131lar(video)"},"content":{"rendered":"<p>\u015eAM \u2013 \u015eam\u2019\u0131n farkl\u0131 semt ve mahallelerinden bir araya gelen y\u00fczlerce vatanda\u015f Ordumuzun 71. Y\u0131l bayram\u0131n\u0131 kutlayarak ter\u00f6re kar\u015f\u0131 m\u00fccadelede ve vatan savunmas\u0131n\u0131n her an\u0131nda kazan\u0131lan zaferlerin kahraman ordumuzun ve b\u00fct\u00fcn Suriyelilerin gururu oldu\u011funu hayk\u0131rd\u0131lar.<\/p>\n<p>Caddeleri kahraman ordu birliklerimize destek sloganlar\u0131yla \u00e7\u0131nlatan miting kat\u0131l\u0131mc\u0131lar\u0131 Emeviler Sahas\u0131nda toplanarak \u201cVatan \u015eereftir\u201d \u015fiar\u0131na hayat veren kahraman ordu birliklerimizi selamlad\u0131lar.<\/p>\n<p>Ellerinde vatan bayraklar\u0131n\u0131 dalgaland\u0131ran kat\u0131l\u0131mc\u0131lar vatan savunmas\u0131nda her Suriyelinin bir ordu neferi oldu\u011funu ifade ederek binlerce y\u0131ld\u0131r uygarl\u0131klara be\u015fik olan bu topraklarda do\u011fman\u0131n ve Cumhurba\u015fkan\u0131 Be\u015f\u015far el Esad\u2019\u0131n liderli\u011fi ve y\u00f6neticili\u011fi alt\u0131nda ya\u015faman\u0131n her Suriyeli i\u00e7in bir onur oldu\u011funu belirttiler.<\/p>\n<p>https:\/\/youtu.be\/fwFMZDMUK1U<\/p>\n<div id='gallery-1' class='gallery galleryid-81925 gallery-columns-3 gallery-size-medium'><figure class='gallery-item'>\n\t\t\t<div class='gallery-icon landscape'>\n\t\t\t\t<a href='https:\/\/archive.sana.sy\/tr\/wp-content\/uploads\/2016\/08\/Emaviler-Sahas\u0131-1.jpg'><img loading=\"lazy\" decoding=\"async\" width=\"300\" height=\"200\" src=\"https:\/\/archive.sana.sy\/tr\/wp-content\/uploads\/2016\/08\/Emaviler-Sahas\u0131-1-300x200.jpg\" class=\"attachment-medium size-medium\" alt=\"\" srcset=\"https:\/\/archive.sana.sy\/tr\/wp-content\/uploads\/2016\/08\/Emaviler-Sahas\u0131-1-300x200.jpg 300w, https:\/\/archive.sana.sy\/tr\/wp-content\/uploads\/2016\/08\/Emaviler-Sahas\u0131-1-150x100.jpg 150w, https:\/\/archive.sana.sy\/tr\/wp-content\/uploads\/2016\/08\/Emaviler-Sahas\u0131-1-768x511.jpg 768w, https:\/\/archive.sana.sy\/tr\/wp-content\/uploads\/2016\/08\/Emaviler-Sahas\u0131-1-1024x681.jpg 1024w\" sizes=\"auto, (max-width: 300px) 100vw, 300px\" \/><\/a>\n\t\t\t<\/div><\/figure><figure class='gallery-item'>\n\t\t\t<div class='gallery-icon landscape'>\n\t\t\t\t<a href='https:\/\/archive.sana.sy\/tr\/wp-content\/uploads\/2016\/08\/Emeviler-Sahas\u0131-2.jpg'><img loading=\"lazy\" decoding=\"async\" width=\"300\" height=\"200\" src=\"https:\/\/archive.sana.sy\/tr\/wp-content\/uploads\/2016\/08\/Emeviler-Sahas\u0131-2-300x200.jpg\" class=\"attachment-medium size-medium\" alt=\"\" srcset=\"https:\/\/archive.sana.sy\/tr\/wp-content\/uploads\/2016\/08\/Emeviler-Sahas\u0131-2-300x200.jpg 300w, https:\/\/archive.sana.sy\/tr\/wp-content\/uploads\/2016\/08\/Emeviler-Sahas\u0131-2-150x100.jpg 150w, https:\/\/archive.sana.sy\/tr\/wp-content\/uploads\/2016\/08\/Emeviler-Sahas\u0131-2-768x511.jpg 768w, https:\/\/archive.sana.sy\/tr\/wp-content\/uploads\/2016\/08\/Emeviler-Sahas\u0131-2-1024x681.jpg 1024w\" sizes=\"auto, (max-width: 300px) 100vw, 300px\" \/><\/a>\n\t\t\t<\/div><\/figure><figure class='gallery-item'>\n\t\t\t<div class='gallery-icon landscape'>\n\t\t\t\t<a href='https:\/\/archive.sana.sy\/tr\/wp-content\/uploads\/2016\/08\/Emeviler-Sahas\u0131-3.jpg'><img loading=\"lazy\" decoding=\"async\" width=\"300\" height=\"200\" src=\"https:\/\/archive.sana.sy\/tr\/wp-content\/uploads\/2016\/08\/Emeviler-Sahas\u0131-3-300x200.jpg\" class=\"attachment-medium size-medium\" alt=\"\" srcset=\"https:\/\/archive.sana.sy\/tr\/wp-content\/uploads\/2016\/08\/Emeviler-Sahas\u0131-3-300x200.jpg 300w, https:\/\/archive.sana.sy\/tr\/wp-content\/uploads\/2016\/08\/Emeviler-Sahas\u0131-3-150x100.jpg 150w, https:\/\/archive.sana.sy\/tr\/wp-content\/uploads\/2016\/08\/Emeviler-Sahas\u0131-3-768x511.jpg 768w, https:\/\/archive.sana.sy\/tr\/wp-content\/uploads\/2016\/08\/Emeviler-Sahas\u0131-3-1024x681.jpg 1024w\" sizes=\"auto, (max-width: 300px) 100vw, 300px\" \/><\/a>\n\t\t\t<\/div><\/figure><figure class='gallery-item'>\n\t\t\t<div class='gallery-icon landscape'>\n\t\t\t\t<a href='https:\/\/archive.sana.sy\/tr\/wp-content\/uploads\/2016\/08\/Emeviler-Sahas\u0131-4.jpg'><img loading=\"lazy\" decoding=\"async\" width=\"300\" height=\"200\" src=\"https:\/\/archive.sana.sy\/tr\/wp-content\/uploads\/2016\/08\/Emeviler-Sahas\u0131-4-300x200.jpg\" class=\"attachment-medium size-medium\" alt=\"\" srcset=\"https:\/\/archive.sana.sy\/tr\/wp-content\/uploads\/2016\/08\/Emeviler-Sahas\u0131-4-300x200.jpg 300w, https:\/\/archive.sana.sy\/tr\/wp-content\/uploads\/2016\/08\/Emeviler-Sahas\u0131-4-150x100.jpg 150w, https:\/\/archive.sana.sy\/tr\/wp-content\/uploads\/2016\/08\/Emeviler-Sahas\u0131-4-768x511.jpg 768w, https:\/\/archive.sana.sy\/tr\/wp-content\/uploads\/2016\/08\/Emeviler-Sahas\u0131-4-1024x681.jpg 1024w\" sizes=\"auto, (max-width: 300px) 100vw, 300px\" \/><\/a>\n\t\t\t<\/div><\/figure><figure class='gallery-item'>\n\t\t\t<div class='gallery-icon landscape'>\n\t\t\t\t<a href='https:\/\/archive.sana.sy\/tr\/wp-content\/uploads\/2016\/08\/Emeviler-Sahas\u0131-5.jpg'><img loading=\"lazy\" decoding=\"async\" width=\"300\" height=\"200\" src=\"https:\/\/archive.sana.sy\/tr\/wp-content\/uploads\/2016\/08\/Emeviler-Sahas\u0131-5-300x200.jpg\" class=\"attachment-medium size-medium\" alt=\"\" srcset=\"https:\/\/archive.sana.sy\/tr\/wp-content\/uploads\/2016\/08\/Emeviler-Sahas\u0131-5-300x200.jpg 300w, https:\/\/archive.sana.sy\/tr\/wp-content\/uploads\/2016\/08\/Emeviler-Sahas\u0131-5-150x100.jpg 150w, https:\/\/archive.sana.sy\/tr\/wp-content\/uploads\/2016\/08\/Emeviler-Sahas\u0131-5-768x511.jpg 768w, https:\/\/archive.sana.sy\/tr\/wp-content\/uploads\/2016\/08\/Emeviler-Sahas\u0131-5-1024x681.jpg 1024w\" sizes=\"auto, (max-width: 300px) 100vw, 300px\" \/><\/a>\n\t\t\t<\/div><\/figure><figure class='gallery-item'>\n\t\t\t<div class='gallery-icon landscape'>\n\t\t\t\t<a href='https:\/\/archive.sana.sy\/tr\/wp-content\/uploads\/2016\/08\/Emeviler-Sahas\u0131-6.jpg'><img loading=\"lazy\" decoding=\"async\" width=\"300\" height=\"200\" src=\"https:\/\/archive.sana.sy\/tr\/wp-content\/uploads\/2016\/08\/Emeviler-Sahas\u0131-6-300x200.jpg\" class=\"attachment-medium size-medium\" alt=\"\" srcset=\"https:\/\/archive.sana.sy\/tr\/wp-content\/uploads\/2016\/08\/Emeviler-Sahas\u0131-6-300x200.jpg 300w, https:\/\/archive.sana.sy\/tr\/wp-content\/uploads\/2016\/08\/Emeviler-Sahas\u0131-6-150x100.jpg 150w, https:\/\/archive.sana.sy\/tr\/wp-content\/uploads\/2016\/08\/Emeviler-Sahas\u0131-6-768x511.jpg 768w, https:\/\/archive.sana.sy\/tr\/wp-content\/uploads\/2016\/08\/Emeviler-Sahas\u0131-6-1024x681.jpg 1024w\" sizes=\"auto, (max-width: 300px) 100vw, 300px\" \/><\/a>\n\t\t\t<\/div><\/figure>\n\t\t<\/div>\n\n<p>F.B. &#8211; R.H.<\/p>\n","protected":false},"excerpt":{"rendered":"<p>\u015eAM \u2013 \u015eam\u2019\u0131n farkl\u0131 semt ve mahallelerinden bir araya gelen y\u00fczlerce vatanda\u015f Ordumuzun 71. Y\u0131l bayram\u0131n\u0131 kutlayarak ter\u00f6re kar\u015f\u0131 m\u00fccadelede ve vatan savunmas\u0131n\u0131n her an\u0131nda kazan\u0131lan zaferlerin kahraman ordumuzun ve b\u00fct\u00fcn Suriyelilerin gururu oldu\u011funu hayk\u0131rd\u0131lar. Caddeleri kahraman ordu birliklerimize destek sloganlar\u0131yla \u00e7\u0131nlatan miting kat\u0131l\u0131mc\u0131lar\u0131 Emeviler Sahas\u0131nda toplanarak \u201cVatan \u015eereftir\u201d \u015fiar\u0131na hayat veren kahraman ordu birliklerimizi &hellip;<\/p>\n","protected":false},"author":1,"featured_media":81932,"comment_status":"closed","ping_status":"closed","sticky":false,"template":"","format":"standard","meta":{"footnotes":""},"categories":[479,17988,478],"tags":[22861],"class_list":["post-81925","post","type-post","status-publish","format-standard","has-post-thumbnail","","category-haberler-yerel","category-son-haberler","category-yerel","tag-vatan-sereftir-siarina-hayat-veren-ordumuzu-selamladilar"],"_links":{"self":[{"href":"https:\/\/archive.sana.sy\/tr\/index.php?rest_route=\/wp\/v2\/posts\/81925","targetHints":{"allow":["GET"]}}],"collection":[{"href":"https:\/\/archive.sana.sy\/tr\/index.php?rest_route=\/wp\/v2\/posts"}],"about":[{"href":"https:\/\/archive.sana.sy\/tr\/index.php?rest_route=\/wp\/v2\/types\/post"}],"author":[{"embeddable":true,"href":"https:\/\/archive.sana.sy\/tr\/index.php?rest_route=\/wp\/v2\/users\/1"}],"replies":[{"embeddable":true,"href":"https:\/\/archive.sana.sy\/tr\/index.php?rest_route=%2Fwp%2Fv2%2Fcomments&post=81925"}],"version-history":[{"count":0,"href":"https:\/\/archive.sana.sy\/tr\/index.php?rest_route=\/wp\/v2\/posts\/81925\/revisions"}],"wp:featuredmedia":[{"embeddable":true,"href":"https:\/\/archive.sana.sy\/tr\/index.php?rest_route=\/wp\/v2\/media\/81932"}],"wp:attachment":[{"href":"https:\/\/archive.sana.sy\/tr\/index.php?rest_route=%2Fwp%2Fv2%2Fmedia&parent=81925"}],"wp:term":[{"taxonomy":"category","embeddable":true,"href":"https:\/\/archive.sana.sy\/tr\/index.php?rest_route=%2Fwp%2Fv2%2Fcategories&post=81925"},{"taxonomy":"post_tag","embeddable":true,"href":"https:\/\/archive.sana.sy\/tr\/index.php?rest_route=%2Fwp%2Fv2%2Ftags&post=81925"}],"curies":[{"name":"wp","href":"https:\/\/api.w.org\/{rel}","templated":true}]}}