{"id":81934,"date":"2016-08-01T23:00:16","date_gmt":"2016-08-01T20:00:16","guid":{"rendered":"http:\/\/www.sana.sy\/tr\/?p=81934"},"modified":"2016-08-02T15:21:26","modified_gmt":"2016-08-02T12:21:26","slug":"terorun-biraktigi-izler-incelendi","status":"publish","type":"post","link":"https:\/\/archive.sana.sy\/tr\/?p=81934","title":{"rendered":"Ter\u00f6r\u00fcn B\u0131rakt\u0131\u011f\u0131 \u0130zler \u0130ncelendi"},"content":{"rendered":"<p>HALEP \u2013 Enformasyon Bakan\u0131 Muhammed Ramiz Terc\u00fcman ve Uzla\u015fmadan Sorumlu Devlet Bakan\u0131 Ali Haydar d\u00fcn Halep\u2019te kahraman ordu birliklerimizin ge\u00e7ti\u011fimiz g\u00fcnlerde g\u00fcvenlik ve istikrar\u0131 sa\u011flad\u0131klar\u0131 Leyrmon Fabrikalar B\u00f6lgesi ve Beni Zeyd Semtini ziyaret ederek incelemelerde bulundular.<\/p>\n<p>B\u00f6lgede var olduklar\u0131 s\u00fcre i\u00e7erisinde ter\u00f6ristlerin yaratt\u0131\u011f\u0131 hasar ve y\u0131k\u0131m\u0131 inceleyen iki bakan, b\u00f6lge sakinlerinin deste\u011fi ve yard\u0131m\u0131yla buralarda ter\u00f6r\u00fcn hezimete u\u011frat\u0131ld\u0131\u011f\u0131n\u0131 i\u015faret ederek yeniden in\u015fa ve onar\u0131m faaliyetlerinin h\u0131zla ba\u015flayaca\u011f\u0131na dikkat \u00e7ektiler.<\/p>\n<p>Arap Gen\u00e7lik Kul\u00fcb\u00fc Merkezinde ayd\u0131nlarla bir araya gelen Enformasyon Bakan\u0131 Halep\u2019te k\u00fclt\u00fcrel-sanatsal faaliyetlerin geli\u015ftirilmesi y\u00f6ntemlerini tart\u0131\u015farak bakanl\u0131\u011f\u0131n bu alanda ihtiya\u00e7 duyulan deste\u011fi sa\u011flayaca\u011f\u0131n\u0131 belirtti.<\/p>\n<p>Ziyaret Halep Radyo Televizyon Binas\u0131n\u0131n ziyareti ve burada bulunan gazeteci ve teknisyenlerle edilen sohbetin ard\u0131ndan sona erdi.<\/p>\n<div id='gallery-1' class='gallery galleryid-81934 gallery-columns-2 gallery-size-medium'><figure class='gallery-item'>\n\t\t\t<div class='gallery-icon landscape'>\n\t\t\t\t<a href='https:\/\/archive.sana.sy\/tr\/wp-content\/uploads\/2016\/08\/Snap2016-08-01-22h28m34s2.jpg'><img loading=\"lazy\" decoding=\"async\" width=\"300\" height=\"159\" src=\"https:\/\/archive.sana.sy\/tr\/wp-content\/uploads\/2016\/08\/Snap2016-08-01-22h28m34s2-300x159.jpg\" class=\"attachment-medium size-medium\" alt=\"\" srcset=\"https:\/\/archive.sana.sy\/tr\/wp-content\/uploads\/2016\/08\/Snap2016-08-01-22h28m34s2-300x159.jpg 300w, https:\/\/archive.sana.sy\/tr\/wp-content\/uploads\/2016\/08\/Snap2016-08-01-22h28m34s2-150x80.jpg 150w, https:\/\/archive.sana.sy\/tr\/wp-content\/uploads\/2016\/08\/Snap2016-08-01-22h28m34s2-310x165.jpg 310w, https:\/\/archive.sana.sy\/tr\/wp-content\/uploads\/2016\/08\/Snap2016-08-01-22h28m34s2.jpg 701w\" sizes=\"auto, (max-width: 300px) 100vw, 300px\" \/><\/a>\n\t\t\t<\/div><\/figure><figure class='gallery-item'>\n\t\t\t<div class='gallery-icon landscape'>\n\t\t\t\t<a href='https:\/\/archive.sana.sy\/tr\/wp-content\/uploads\/2016\/08\/Snap2016-08-01-22h25m58s231.jpg'><img loading=\"lazy\" decoding=\"async\" width=\"300\" height=\"160\" src=\"https:\/\/archive.sana.sy\/tr\/wp-content\/uploads\/2016\/08\/Snap2016-08-01-22h25m58s231-300x160.jpg\" class=\"attachment-medium size-medium\" alt=\"\" srcset=\"https:\/\/archive.sana.sy\/tr\/wp-content\/uploads\/2016\/08\/Snap2016-08-01-22h25m58s231-300x160.jpg 300w, https:\/\/archive.sana.sy\/tr\/wp-content\/uploads\/2016\/08\/Snap2016-08-01-22h25m58s231-150x80.jpg 150w, https:\/\/archive.sana.sy\/tr\/wp-content\/uploads\/2016\/08\/Snap2016-08-01-22h25m58s231-310x165.jpg 310w, https:\/\/archive.sana.sy\/tr\/wp-content\/uploads\/2016\/08\/Snap2016-08-01-22h25m58s231.jpg 638w\" sizes=\"auto, (max-width: 300px) 100vw, 300px\" \/><\/a>\n\t\t\t<\/div><\/figure><figure class='gallery-item'>\n\t\t\t<div class='gallery-icon landscape'>\n\t\t\t\t<a href='https:\/\/archive.sana.sy\/tr\/wp-content\/uploads\/2016\/08\/Snap2016-08-01-22h27m17s0.jpg'><img loading=\"lazy\" decoding=\"async\" width=\"300\" height=\"175\" src=\"https:\/\/archive.sana.sy\/tr\/wp-content\/uploads\/2016\/08\/Snap2016-08-01-22h27m17s0-300x175.jpg\" class=\"attachment-medium size-medium\" alt=\"\" srcset=\"https:\/\/archive.sana.sy\/tr\/wp-content\/uploads\/2016\/08\/Snap2016-08-01-22h27m17s0-300x175.jpg 300w, https:\/\/archive.sana.sy\/tr\/wp-content\/uploads\/2016\/08\/Snap2016-08-01-22h27m17s0-150x87.jpg 150w, https:\/\/archive.sana.sy\/tr\/wp-content\/uploads\/2016\/08\/Snap2016-08-01-22h27m17s0.jpg 652w\" sizes=\"auto, (max-width: 300px) 100vw, 300px\" \/><\/a>\n\t\t\t<\/div><\/figure><figure class='gallery-item'>\n\t\t\t<div class='gallery-icon landscape'>\n\t\t\t\t<a href='https:\/\/archive.sana.sy\/tr\/wp-content\/uploads\/2016\/08\/Snap2016-08-01-22h28m01s184.jpg'><img loading=\"lazy\" decoding=\"async\" width=\"300\" height=\"143\" src=\"https:\/\/archive.sana.sy\/tr\/wp-content\/uploads\/2016\/08\/Snap2016-08-01-22h28m01s184-300x143.jpg\" class=\"attachment-medium size-medium\" alt=\"\" srcset=\"https:\/\/archive.sana.sy\/tr\/wp-content\/uploads\/2016\/08\/Snap2016-08-01-22h28m01s184-300x143.jpg 300w, https:\/\/archive.sana.sy\/tr\/wp-content\/uploads\/2016\/08\/Snap2016-08-01-22h28m01s184-150x71.jpg 150w, https:\/\/archive.sana.sy\/tr\/wp-content\/uploads\/2016\/08\/Snap2016-08-01-22h28m01s184.jpg 722w\" sizes=\"auto, (max-width: 300px) 100vw, 300px\" \/><\/a>\n\t\t\t<\/div><\/figure>\n\t\t<\/div>\n\n<p>F.B. &#8211; R.H.<\/p>\n","protected":false},"excerpt":{"rendered":"<p>HALEP \u2013 Enformasyon Bakan\u0131 Muhammed Ramiz Terc\u00fcman ve Uzla\u015fmadan Sorumlu Devlet Bakan\u0131 Ali Haydar d\u00fcn Halep\u2019te kahraman ordu birliklerimizin ge\u00e7ti\u011fimiz g\u00fcnlerde g\u00fcvenlik ve istikrar\u0131 sa\u011flad\u0131klar\u0131 Leyrmon Fabrikalar B\u00f6lgesi ve Beni Zeyd Semtini ziyaret ederek incelemelerde bulundular. B\u00f6lgede var olduklar\u0131 s\u00fcre i\u00e7erisinde ter\u00f6ristlerin yaratt\u0131\u011f\u0131 hasar ve y\u0131k\u0131m\u0131 inceleyen iki bakan, b\u00f6lge sakinlerinin deste\u011fi ve yard\u0131m\u0131yla buralarda &hellip;<\/p>\n","protected":false},"author":1,"featured_media":81940,"comment_status":"closed","ping_status":"closed","sticky":false,"template":"","format":"standard","meta":{"footnotes":""},"categories":[479,17988,478],"tags":[22862],"class_list":["post-81934","post","type-post","status-publish","format-standard","has-post-thumbnail","","category-haberler-yerel","category-son-haberler","category-yerel","tag-terorun-biraktigi-izler-incelendi"],"_links":{"self":[{"href":"https:\/\/archive.sana.sy\/tr\/index.php?rest_route=\/wp\/v2\/posts\/81934","targetHints":{"allow":["GET"]}}],"collection":[{"href":"https:\/\/archive.sana.sy\/tr\/index.php?rest_route=\/wp\/v2\/posts"}],"about":[{"href":"https:\/\/archive.sana.sy\/tr\/index.php?rest_route=\/wp\/v2\/types\/post"}],"author":[{"embeddable":true,"href":"https:\/\/archive.sana.sy\/tr\/index.php?rest_route=\/wp\/v2\/users\/1"}],"replies":[{"embeddable":true,"href":"https:\/\/archive.sana.sy\/tr\/index.php?rest_route=%2Fwp%2Fv2%2Fcomments&post=81934"}],"version-history":[{"count":0,"href":"https:\/\/archive.sana.sy\/tr\/index.php?rest_route=\/wp\/v2\/posts\/81934\/revisions"}],"wp:featuredmedia":[{"embeddable":true,"href":"https:\/\/archive.sana.sy\/tr\/index.php?rest_route=\/wp\/v2\/media\/81940"}],"wp:attachment":[{"href":"https:\/\/archive.sana.sy\/tr\/index.php?rest_route=%2Fwp%2Fv2%2Fmedia&parent=81934"}],"wp:term":[{"taxonomy":"category","embeddable":true,"href":"https:\/\/archive.sana.sy\/tr\/index.php?rest_route=%2Fwp%2Fv2%2Fcategories&post=81934"},{"taxonomy":"post_tag","embeddable":true,"href":"https:\/\/archive.sana.sy\/tr\/index.php?rest_route=%2Fwp%2Fv2%2Ftags&post=81934"}],"curies":[{"name":"wp","href":"https:\/\/api.w.org\/{rel}","templated":true}]}}