{"id":81993,"date":"2016-08-01T22:55:35","date_gmt":"2016-08-01T19:55:35","guid":{"rendered":"http:\/\/www.sana.sy\/tr\/?p=81993"},"modified":"2016-08-02T13:57:23","modified_gmt":"2016-08-02T10:57:23","slug":"yol-kenarina-yerlestirilen-bomba-duzenekleri-etkisizlestirildi","status":"publish","type":"post","link":"https:\/\/archive.sana.sy\/tr\/?p=81993","title":{"rendered":"Yol Kenar\u0131na Yerle\u015ftirilen Bomba D\u00fczenekleri Etkisizle\u015ftirildi"},"content":{"rendered":"<p>HOMS \u2013 Ordu birliklerimize tabi bomba imha ekipleri eli kanl\u0131 ter\u00f6ristlerin Homs k\u0131rsal\u0131n\u0131n bat\u0131s\u0131nda \u015eenniye ile Meryemeyn k\u00f6yleri aras\u0131ndaki yol kenarlar\u0131na yerle\u015ftirmi\u015f olduklar\u0131 8 bomba d\u00fczene\u011fini etkisiz hale getirdi.<\/p>\n<p>Askeri kaynak SANA\u2019ya a\u00e7\u0131klamas\u0131nda; a\u011f\u0131rl\u0131klar\u0131 10 ila 15 kg aras\u0131nda de\u011fi\u015fen bomba d\u00fczeneklerinin uzaktan kumandal\u0131 cihazla havaya u\u00e7urulmak \u00fczere yerle\u015ftirilmi\u015f oldu\u011funu belirtti.<\/p>\n","protected":false},"excerpt":{"rendered":"<p>HOMS \u2013 Ordu birliklerimize tabi bomba imha ekipleri eli kanl\u0131 ter\u00f6ristlerin Homs k\u0131rsal\u0131n\u0131n bat\u0131s\u0131nda \u015eenniye ile Meryemeyn k\u00f6yleri aras\u0131ndaki yol kenarlar\u0131na yerle\u015ftirmi\u015f olduklar\u0131 8 bomba d\u00fczene\u011fini etkisiz hale getirdi. Askeri kaynak SANA\u2019ya a\u00e7\u0131klamas\u0131nda; a\u011f\u0131rl\u0131klar\u0131 10 ila 15 kg aras\u0131nda de\u011fi\u015fen bomba d\u00fczeneklerinin uzaktan kumandal\u0131 cihazla havaya u\u00e7urulmak \u00fczere yerle\u015ftirilmi\u015f oldu\u011funu belirtti.<\/p>\n","protected":false},"author":1,"featured_media":81997,"comment_status":"closed","ping_status":"closed","sticky":false,"template":"","format":"standard","meta":{"footnotes":""},"categories":[479,575,17988,478],"tags":[20474,22877,22878,18723,11549],"class_list":["post-81993","post","type-post","status-publish","format-standard","has-post-thumbnail","","category-haberler-yerel","category-olaylar-ve-gercekler","category-son-haberler","category-yerel","tag-bomba-duzenekleri","tag-bomba-imha-ekiplericihatcilar","tag-bubi-tuzaklari","tag-muhalifler","tag-suriye-ordusu"],"_links":{"self":[{"href":"https:\/\/archive.sana.sy\/tr\/index.php?rest_route=\/wp\/v2\/posts\/81993","targetHints":{"allow":["GET"]}}],"collection":[{"href":"https:\/\/archive.sana.sy\/tr\/index.php?rest_route=\/wp\/v2\/posts"}],"about":[{"href":"https:\/\/archive.sana.sy\/tr\/index.php?rest_route=\/wp\/v2\/types\/post"}],"author":[{"embeddable":true,"href":"https:\/\/archive.sana.sy\/tr\/index.php?rest_route=\/wp\/v2\/users\/1"}],"replies":[{"embeddable":true,"href":"https:\/\/archive.sana.sy\/tr\/index.php?rest_route=%2Fwp%2Fv2%2Fcomments&post=81993"}],"version-history":[{"count":0,"href":"https:\/\/archive.sana.sy\/tr\/index.php?rest_route=\/wp\/v2\/posts\/81993\/revisions"}],"wp:featuredmedia":[{"embeddable":true,"href":"https:\/\/archive.sana.sy\/tr\/index.php?rest_route=\/wp\/v2\/media\/81997"}],"wp:attachment":[{"href":"https:\/\/archive.sana.sy\/tr\/index.php?rest_route=%2Fwp%2Fv2%2Fmedia&parent=81993"}],"wp:term":[{"taxonomy":"category","embeddable":true,"href":"https:\/\/archive.sana.sy\/tr\/index.php?rest_route=%2Fwp%2Fv2%2Fcategories&post=81993"},{"taxonomy":"post_tag","embeddable":true,"href":"https:\/\/archive.sana.sy\/tr\/index.php?rest_route=%2Fwp%2Fv2%2Ftags&post=81993"}],"curies":[{"name":"wp","href":"https:\/\/api.w.org\/{rel}","templated":true}]}}