{"id":81998,"date":"2016-08-02T11:57:35","date_gmt":"2016-08-02T08:57:35","guid":{"rendered":"http:\/\/www.sana.sy\/tr\/?p=81998"},"modified":"2016-08-02T14:08:43","modified_gmt":"2016-08-02T11:08:43","slug":"ulusal-uzlasma-cabalari-ve-201615-sayili-af-kararindan-faydalanma-amaciyla-bugun-dera-ve-kirsalinda-silahlariyla-birlikte-teslim-olan-400-kisinin-kanuni-durumlari-yeniden-duzenlenerek-serbest-birakil","status":"publish","type":"post","link":"https:\/\/archive.sana.sy\/tr\/?p=81998","title":{"rendered":"Ulusal uzla\u015fma \u00e7abalar\u0131 ve 2016\/15 say\u0131l\u0131 af karar\u0131ndan faydalanma amac\u0131yla bug\u00fcn Dera ve k\u0131rsal\u0131nda silahlar\u0131yla birlikte teslim olan 400 ki\u015finin kanuni durumlar\u0131 yeniden d\u00fczenlenerek serbest b\u0131rak\u0131ld\u0131lar."},"content":{"rendered":"<p>Ulusal uzla\u015fma \u00e7abalar\u0131 ve 2016\/15 say\u0131l\u0131 af karar\u0131ndan faydalanma amac\u0131yla bug\u00fcn Dera ve k\u0131rsal\u0131nda silahlar\u0131yla birlikte teslim olan 400 ki\u015finin kanuni durumlar\u0131 yeniden d\u00fczenlenerek serbest b\u0131rak\u0131ld\u0131lar.<\/p>\n","protected":false},"excerpt":{"rendered":"<p>Ulusal uzla\u015fma \u00e7abalar\u0131 ve 2016\/15 say\u0131l\u0131 af karar\u0131ndan faydalanma amac\u0131yla bug\u00fcn Dera ve k\u0131rsal\u0131nda silahlar\u0131yla birlikte teslim olan 400 ki\u015finin kanuni durumlar\u0131 yeniden d\u00fczenlenerek serbest b\u0131rak\u0131ld\u0131lar.<\/p>\n","protected":false},"author":1,"featured_media":0,"comment_status":"closed","ping_status":"closed","sticky":false,"template":"","format":"standard","meta":{"footnotes":""},"categories":[17991],"tags":[],"class_list":["post-81998","post","type-post","status-publish","format-standard","","category-son-dakika"],"_links":{"self":[{"href":"https:\/\/archive.sana.sy\/tr\/index.php?rest_route=\/wp\/v2\/posts\/81998","targetHints":{"allow":["GET"]}}],"collection":[{"href":"https:\/\/archive.sana.sy\/tr\/index.php?rest_route=\/wp\/v2\/posts"}],"about":[{"href":"https:\/\/archive.sana.sy\/tr\/index.php?rest_route=\/wp\/v2\/types\/post"}],"author":[{"embeddable":true,"href":"https:\/\/archive.sana.sy\/tr\/index.php?rest_route=\/wp\/v2\/users\/1"}],"replies":[{"embeddable":true,"href":"https:\/\/archive.sana.sy\/tr\/index.php?rest_route=%2Fwp%2Fv2%2Fcomments&post=81998"}],"version-history":[{"count":0,"href":"https:\/\/archive.sana.sy\/tr\/index.php?rest_route=\/wp\/v2\/posts\/81998\/revisions"}],"wp:attachment":[{"href":"https:\/\/archive.sana.sy\/tr\/index.php?rest_route=%2Fwp%2Fv2%2Fmedia&parent=81998"}],"wp:term":[{"taxonomy":"category","embeddable":true,"href":"https:\/\/archive.sana.sy\/tr\/index.php?rest_route=%2Fwp%2Fv2%2Fcategories&post=81998"},{"taxonomy":"post_tag","embeddable":true,"href":"https:\/\/archive.sana.sy\/tr\/index.php?rest_route=%2Fwp%2Fv2%2Ftags&post=81998"}],"curies":[{"name":"wp","href":"https:\/\/api.w.org\/{rel}","templated":true}]}}