{"id":82014,"date":"2016-08-02T13:50:47","date_gmt":"2016-08-02T10:50:47","guid":{"rendered":"http:\/\/www.sana.sy\/tr\/?p=82014"},"modified":"2016-08-03T12:02:23","modified_gmt":"2016-08-03T09:02:23","slug":"her-gayrete-haziriz","status":"publish","type":"post","link":"https:\/\/archive.sana.sy\/tr\/?p=82014","title":{"rendered":"Her Gayrete Haz\u0131r\u0131z"},"content":{"rendered":"<p>\u015eAM \u2013 D\u0131\u015fi\u015fleri ve Gurbet\u00e7iler Bakan\u0131 Yard\u0131mc\u0131s\u0131 Eyman Sosan Kuveyt\u2019te ya\u015fayan ve anavatanlar\u0131n\u0131 ziyaret eden gurbet\u00e7ilerimizden bir heyetle bug\u00fcn bir araya gelerek Suriye&#8217;de ya\u015fanan son durumlara \u0131\u015f\u0131k tuttu.<\/p>\n<p>Siyasi ve saha geli\u015fmelerine ayr\u0131nt\u0131larla \u0131\u015f\u0131k tutan Sosan; vatan koruyucular\u0131m\u0131z\u0131n \u00f6zellikle Halep\u2019te olmak \u00fczere yurt genelinde d\u0131\u015f destekli ter\u00f6re kar\u015f\u0131 sa\u011flad\u0131klar\u0131 ba\u015far\u0131lara dikkat \u00e7ekti.<\/p>\n<p>Anavatanlar\u0131 Suriye&#8217;nin ordu ve halk olarak evrensel ter\u00f6r ve hegemonyac\u0131 d\u0131\u015f planlara kar\u015f\u0131 m\u00fccadelesiyle onur duyduklar\u0131n\u0131 ifade eden gurbet\u00e7iler; bu m\u00fccadeleyi peki\u015ftirme ve anavatan\u0131 desteklemek i\u00e7in her gayrete haz\u0131r olduklar\u0131n\u0131 belirtti.<\/p>\n","protected":false},"excerpt":{"rendered":"<p>\u015eAM \u2013 D\u0131\u015fi\u015fleri ve Gurbet\u00e7iler Bakan\u0131 Yard\u0131mc\u0131s\u0131 Eyman Sosan Kuveyt\u2019te ya\u015fayan ve anavatanlar\u0131n\u0131 ziyaret eden gurbet\u00e7ilerimizden bir heyetle bug\u00fcn bir araya gelerek Suriye&#8217;de ya\u015fanan son durumlara \u0131\u015f\u0131k tuttu. Siyasi ve saha geli\u015fmelerine ayr\u0131nt\u0131larla \u0131\u015f\u0131k tutan Sosan; vatan koruyucular\u0131m\u0131z\u0131n \u00f6zellikle Halep\u2019te olmak \u00fczere yurt genelinde d\u0131\u015f destekli ter\u00f6re kar\u015f\u0131 sa\u011flad\u0131klar\u0131 ba\u015far\u0131lara dikkat \u00e7ekti. Anavatanlar\u0131 Suriye&#8217;nin ordu &hellip;<\/p>\n","protected":false},"author":1,"featured_media":82016,"comment_status":"closed","ping_status":"closed","sticky":false,"template":"","format":"standard","meta":{"footnotes":""},"categories":[479,17988,478],"tags":[16970,22887],"class_list":["post-82014","post","type-post","status-publish","format-standard","has-post-thumbnail","","category-haberler-yerel","category-son-haberler","category-yerel","tag-disisleri-ve-gurbetciler-bakani-yardimcisi-eyman-sosan","tag-her-gayrete-haziriz"],"_links":{"self":[{"href":"https:\/\/archive.sana.sy\/tr\/index.php?rest_route=\/wp\/v2\/posts\/82014","targetHints":{"allow":["GET"]}}],"collection":[{"href":"https:\/\/archive.sana.sy\/tr\/index.php?rest_route=\/wp\/v2\/posts"}],"about":[{"href":"https:\/\/archive.sana.sy\/tr\/index.php?rest_route=\/wp\/v2\/types\/post"}],"author":[{"embeddable":true,"href":"https:\/\/archive.sana.sy\/tr\/index.php?rest_route=\/wp\/v2\/users\/1"}],"replies":[{"embeddable":true,"href":"https:\/\/archive.sana.sy\/tr\/index.php?rest_route=%2Fwp%2Fv2%2Fcomments&post=82014"}],"version-history":[{"count":0,"href":"https:\/\/archive.sana.sy\/tr\/index.php?rest_route=\/wp\/v2\/posts\/82014\/revisions"}],"wp:featuredmedia":[{"embeddable":true,"href":"https:\/\/archive.sana.sy\/tr\/index.php?rest_route=\/wp\/v2\/media\/82016"}],"wp:attachment":[{"href":"https:\/\/archive.sana.sy\/tr\/index.php?rest_route=%2Fwp%2Fv2%2Fmedia&parent=82014"}],"wp:term":[{"taxonomy":"category","embeddable":true,"href":"https:\/\/archive.sana.sy\/tr\/index.php?rest_route=%2Fwp%2Fv2%2Fcategories&post=82014"},{"taxonomy":"post_tag","embeddable":true,"href":"https:\/\/archive.sana.sy\/tr\/index.php?rest_route=%2Fwp%2Fv2%2Ftags&post=82014"}],"curies":[{"name":"wp","href":"https:\/\/api.w.org\/{rel}","templated":true}]}}