{"id":82018,"date":"2016-08-02T13:50:43","date_gmt":"2016-08-02T10:50:43","guid":{"rendered":"http:\/\/www.sana.sy\/tr\/?p=82018"},"modified":"2016-08-03T12:02:16","modified_gmt":"2016-08-03T09:02:16","slug":"oldukca-agir-kayiplar-verdiklerini-itiraf-ettiler","status":"publish","type":"post","link":"https:\/\/archive.sana.sy\/tr\/?p=82018","title":{"rendered":"Olduk\u00e7a A\u011f\u0131r Kay\u0131plar Verdiklerini \u0130tiraf Ettiler"},"content":{"rendered":"<p>HALEP \u2013 D\u0131\u015f g\u00fc\u00e7lere tabi ter\u00f6r \u00f6rg\u00fctleri kendi medya ara\u00e7lar\u0131nda; Halep k\u0131rsal\u0131n\u0131n g\u00fcneybat\u0131s\u0131nda askeri noktalara bulunduklar\u0131 sald\u0131r\u0131lar esnas\u0131nda \u00f6zellikle son birka\u00e7 saat i\u00e7inde say\u0131, ara\u00e7 ve cephaneleriyle olduk\u00e7a b\u00fcy\u00fck kay\u0131plar verdiklerini itiraf ettiler.<\/p>\n<p>Ter\u00f6r yanl\u0131s\u0131 medya ara\u00e7lar\u0131 Halep Kentinin g\u00fcneybat\u0131s\u0131nda \u00f6len ve aralar\u0131nda bir\u00e7ok az\u0131l\u0131 ter\u00f6r komutan\u0131n\u0131n bulundu\u011fu 56\u2019dan fazla ter\u00f6ristin kimli\u011fini a\u00e7\u0131klarken, genelinin T\u00fcrkiye ve Suudi Arabistan&#8217;da mevcut rejimlere tabi \u2018Ahrar el \u015eam \u0130slami Hareketi\u2019ne tabi olduklar\u0131na dikkat \u00e7ekildi.<\/p>\n<p>Haberlerde \u00f6len ter\u00f6r komutanlar\u0131 aras\u0131nda \u2018Ahrar el \u015eam\u2019\u0131n s\u00f6zde Halep\u2019te bask\u0131n birlileri komutan\u0131 \u2018Ebu Muhammed el Sari, \u2018Ahrar el \u015eam\u2019a tabi \u2018Cey\u015ful \u0130man\u2019 (\u0130man Ordusu)\u2019nun iki bariz komutan\u0131 \u2018Ebu Osman el Hamvi\u2019 ve \u2018Ebu \u015euayb el Hamvi\u2019, \u2018Cey\u015ful M\u00fccahidin\u2019 (M\u00fccahitler Ordusu) adl\u0131 tekfirci ter\u00f6r olu\u015fumunun bariz komutanlar\u0131ndan \u2018Ebu Sayt\u2019 lakapl\u0131 Mustafa Cuma, \u2018Feylak el \u015eam\u2019 (\u015eam Tugay\u0131) adl\u0131 ter\u00f6r \u00f6rg\u00fct\u00fcne tabi \u2018Fatihler T\u00fcmeninin\u2019 s\u00f6zde bask\u0131 birlikleri komutan\u0131 Muhammed Ebu Yazen, \u2018Ahrar el \u015eam\u2019\u0131n bariz komutanlar\u0131ndan Zeki Tkayka ve \u2018Fetih Ordusu\u2019 saha komutanlar\u0131ndan Mahmut Faz\u0131l\u2019\u0131n bulundu\u011fu ifade edildi.<\/p>\n<p>Ordu birliklerimiz destek\u00e7i g\u00fc\u00e7ler ve Rus hava g\u00fc\u00e7lerinin deste\u011fi le Halep Kenti yak\u0131nlar\u0131nda 5 binden fazla ter\u00f6ristin sald\u0131r\u0131s\u0131n\u0131 ba\u015far\u0131yla \u00e7\u00f6kertmi\u015flerdi. \u00c7at\u0131\u015fmalarda 800\u2019den fazla ter\u00f6rist \u00f6ld\u00fcr\u00fcl\u00fcrken, 14 tank, 10 ter\u00f6rist ta\u015f\u0131y\u0131c\u0131 ara\u00e7 ve a\u011f\u0131r silahlarla donat\u0131lm\u0131\u015f 60\u2019tan fazla pikap imha edilmi\u015fti.<\/p>\n","protected":false},"excerpt":{"rendered":"<p>HALEP \u2013 D\u0131\u015f g\u00fc\u00e7lere tabi ter\u00f6r \u00f6rg\u00fctleri kendi medya ara\u00e7lar\u0131nda; Halep k\u0131rsal\u0131n\u0131n g\u00fcneybat\u0131s\u0131nda askeri noktalara bulunduklar\u0131 sald\u0131r\u0131lar esnas\u0131nda \u00f6zellikle son birka\u00e7 saat i\u00e7inde say\u0131, ara\u00e7 ve cephaneleriyle olduk\u00e7a b\u00fcy\u00fck kay\u0131plar verdiklerini itiraf ettiler. Ter\u00f6r yanl\u0131s\u0131 medya ara\u00e7lar\u0131 Halep Kentinin g\u00fcneybat\u0131s\u0131nda \u00f6len ve aralar\u0131nda bir\u00e7ok az\u0131l\u0131 ter\u00f6r komutan\u0131n\u0131n bulundu\u011fu 56\u2019dan fazla ter\u00f6ristin kimli\u011fini a\u00e7\u0131klarken, genelinin T\u00fcrkiye &hellip;<\/p>\n","protected":false},"author":1,"featured_media":82004,"comment_status":"closed","ping_status":"closed","sticky":false,"template":"","format":"standard","meta":{"footnotes":""},"categories":[479,575,17988,478],"tags":[22881],"class_list":["post-82018","post","type-post","status-publish","format-standard","has-post-thumbnail","","category-haberler-yerel","category-olaylar-ve-gercekler","category-son-haberler","category-yerel","tag-oldukca-agir-kayiplar-verdiklerini-itiraf-ettiler"],"_links":{"self":[{"href":"https:\/\/archive.sana.sy\/tr\/index.php?rest_route=\/wp\/v2\/posts\/82018","targetHints":{"allow":["GET"]}}],"collection":[{"href":"https:\/\/archive.sana.sy\/tr\/index.php?rest_route=\/wp\/v2\/posts"}],"about":[{"href":"https:\/\/archive.sana.sy\/tr\/index.php?rest_route=\/wp\/v2\/types\/post"}],"author":[{"embeddable":true,"href":"https:\/\/archive.sana.sy\/tr\/index.php?rest_route=\/wp\/v2\/users\/1"}],"replies":[{"embeddable":true,"href":"https:\/\/archive.sana.sy\/tr\/index.php?rest_route=%2Fwp%2Fv2%2Fcomments&post=82018"}],"version-history":[{"count":0,"href":"https:\/\/archive.sana.sy\/tr\/index.php?rest_route=\/wp\/v2\/posts\/82018\/revisions"}],"wp:featuredmedia":[{"embeddable":true,"href":"https:\/\/archive.sana.sy\/tr\/index.php?rest_route=\/wp\/v2\/media\/82004"}],"wp:attachment":[{"href":"https:\/\/archive.sana.sy\/tr\/index.php?rest_route=%2Fwp%2Fv2%2Fmedia&parent=82018"}],"wp:term":[{"taxonomy":"category","embeddable":true,"href":"https:\/\/archive.sana.sy\/tr\/index.php?rest_route=%2Fwp%2Fv2%2Fcategories&post=82018"},{"taxonomy":"post_tag","embeddable":true,"href":"https:\/\/archive.sana.sy\/tr\/index.php?rest_route=%2Fwp%2Fv2%2Ftags&post=82018"}],"curies":[{"name":"wp","href":"https:\/\/api.w.org\/{rel}","templated":true}]}}