{"id":82028,"date":"2016-08-02T15:18:32","date_gmt":"2016-08-02T12:18:32","guid":{"rendered":"http:\/\/www.sana.sy\/tr\/?p=82028"},"modified":"2016-08-03T16:23:34","modified_gmt":"2016-08-03T13:23:34","slug":"karargahlari-ve-toplanma-yerleri-imha-edildi","status":"publish","type":"post","link":"https:\/\/archive.sana.sy\/tr\/?p=82028","title":{"rendered":"Karargahlar\u0131 ve Toplanma Yerleri \u0130mha Edildi"},"content":{"rendered":"<p>\u0130LLER \u2013 D\u0131\u015f g\u00fc\u00e7lerin talimatlar\u0131yla faaliyet g\u00f6steren tekfircilerin sald\u0131r\u0131lar\u0131n\u0131 ba\u015far\u0131yla \u00e7\u00f6kerten ordu birliklerimiz, bu \u00e7etelere ait bir\u00e7ok karargah\u0131 da imha etti.<\/p>\n<p><span style=\"color: #0000ff\">HAMA:<\/span><\/p>\n<p>Askeri bir kaynak vatan koruyucular\u0131m\u0131z\u0131n Hama k\u0131rsal\u0131n\u0131n g\u00fcneyinde Zara Elektrik \u0130stasyonu ve istasyonu korumakla m\u00fckellef askeri noktalara sald\u0131rmaya \u00e7al\u0131\u015fan \u2018Fetih Ordusu\u2019 \u00e7eteleri ile \u00e7at\u0131\u015fmalara girdiklerini belirtti.<\/p>\n<p>\u00c7at\u0131\u015fmada sald\u0131rganlar\u0131n \u00e7o\u011funun ara\u00e7 ve silahlar\u0131yla etkisizle\u015ftirildiklerini ifade eden kaynak, sa\u011f kal\u0131p ka\u00e7anlar\u0131n karhan birliklerimiz taraf\u0131ndan kovaland\u0131\u011f\u0131n\u0131 s\u00f6zlerine ekledi.<\/p>\n<p>Hama k\u0131rsal\u0131n\u0131n do\u011fusunda ise askeri kaynak; Selemiye B\u00f6lgesinde yer alan M\u00fcfekkir K\u00f6y\u00fcn\u00fcn kuzeyinde I\u015e\u0130D\u2019in komuta karargahlar\u0131, toplanma yerleri ve ara\u00e7lar\u0131n\u0131n onlarca ter\u00f6ristle birlikte imha edildiklerini aktard\u0131.<\/p>\n<p><span style=\"color: #0000ff\">DERA:<\/span><\/p>\n<p>Askeri kaynak; ordu birliklerimizin Dera Beled\u2019in Nahle Mezralar\u0131nda \u0130srail\u2019den destek alan ter\u00f6r \u00f6rg\u00fctlere tabi toplanma yerleri ve mevkileri hedef almalar\u0131yla \u00e7ok say\u0131da ter\u00f6risti \u00f6l\u00fc ve yaral\u0131 d\u00fc\u015f\u00fcr\u00fcp a\u011f\u0131r makineli silahla donat\u0131lm\u0131\u015f ara\u00e7lar\u0131n\u0131 y\u00fckleriyle birlikte imha ettiklerini belirtti.<\/p>\n<p>Dera Beled\u2019in muhtelif b\u00f6lgelerinde de ordu birliklerimizin tekfircilere ait 2 komuta karargah\u0131n\u0131 yo\u011fun ate\u015fe tutuklar\u0131n\u0131 aktaran kaynak; buralarda da \u00e7ok say\u0131da ter\u00f6risti su\u00e7 edatlar\u0131yla birlikte tamamen yok ettiklerini s\u00f6zlerine ekledi.<\/p>\n<p><span style=\"color: #0000ff\">DEYREZZOR:<\/span><\/p>\n<p>BU arada Deyrezzor\u2019da askeri bir kaynak ordu birliklerimizin bug\u00fcn Deyrezzor\u2019da kentin F\u0131rat el \u015eam Oteli, Kalp Hastanesi ve Su Kaynaklar\u0131 M\u00fcd\u00fcrl\u00fc\u011f\u00fc eksenlerinin yan\u0131 s\u0131ra Ravad Tepesi, Tel Br\u00fck ve B\u011fayliye Beldesinin civar\u0131nda I\u015e\u0130D tekfircileri ile \u015fiddetli \u00e7at\u0131\u015fmalara girdiklerini belirtti.<\/p>\n<p>Kaynak \u00e7at\u0131\u015fmalarda aralar\u0131nda saha komutanlar\u0131 ve yabanc\u0131lar\u0131n bulundu\u011fu onlarca ter\u00f6ristin \u00f6ld\u00fcr\u00fcld\u00fc\u011f\u00fcn\u00fc, 2 tank, bir z\u0131rhl\u0131 ara\u00e7, hamar tipi bir ara\u00e7 ve 23 mm kalibreli bir topun imha edildi\u011fini aktard\u0131.<\/p>\n<p>Ordu birliklerimizin Deyrezzor Kentinin 2 km bat\u0131s\u0131nda yer alan Cneyna B\u00f6lgesinde I\u015e\u0130D karargahlar\u0131 ve toplanma yerlerinin nitelikli bir operasyonla hedef al\u0131nd\u0131\u011f\u0131n\u0131 s\u00f6yleyen kaynak; burada da en az\u0131ndan 60 ter\u00f6ristin ter\u00f6r ekipmanlar\u0131 ile birlikte etkisizle\u015ftirildiklerini s\u00f6zlerine ekledi.<\/p>\n<p>Kaynak Deyrezzor Kentinin Ru\u015fdiye, H\u00fcveyka ve Sinema Fuat Caddesi b\u00f6lgelerinde I\u015e\u0130D tekfircilerinin h\u0131r\u00e7\u0131n sald\u0131r\u0131lar\u0131n\u0131n ordu birliklerimiz taraf\u0131ndan ba\u015far\u0131yla \u00e7\u00f6kertildi\u011fini belirtti. \u015eiddetli \u00e7at\u0131\u015fmalarda aralar\u0131nda grup ele ba\u015f\u0131 \u2018Ebu Ahmet el \u015eami\u2019 lakapl\u0131 ter\u00f6r eleba\u015f\u0131n\u0131n intihar eylemcileri ter\u00f6r grubunun tamam\u0131yla birlikte \u00f6ld\u00fcr\u00fcld\u00fcklerini ifade eden kaynak; ayn\u0131 zamanda 57 mm kalibreli bir topun yan\u0131 s\u0131ra 14.3 mm kalibreli makineli iki silah\u0131n da ekipleriyle birlikte imha edildiklerini aktard\u0131.<\/p>\n<p>Ter\u00f6r yanl\u0131s\u0131 bir k\u0131s\u0131m medya ara\u00e7lar\u0131; tekfirci \u00f6rg\u00fct\u00fcn sald\u0131r\u0131 giri\u015fiminin b\u00fcy\u00fck bir ba\u015far\u0131s\u0131zl\u0131\u011fa d\u00fc\u015fmesi ve tekfircilerin \u00e7ok b\u00fcy\u00fck kay\u0131plar vermeleri ard\u0131ndan Hrayta ve Mesreb k\u00f6ylerindeki I\u015e\u0130D \u00e7eteleri aras\u0131na ihanet su\u00e7lamalar\u0131 ve anla\u015fmazl\u0131klar\u0131n silahl\u0131 \u00e7at\u0131\u015fmalara d\u00f6nd\u00fc\u011f\u00fcn\u00fc aktard\u0131.<\/p>\n","protected":false},"excerpt":{"rendered":"<p>\u0130LLER \u2013 D\u0131\u015f g\u00fc\u00e7lerin talimatlar\u0131yla faaliyet g\u00f6steren tekfircilerin sald\u0131r\u0131lar\u0131n\u0131 ba\u015far\u0131yla \u00e7\u00f6kerten ordu birliklerimiz, bu \u00e7etelere ait bir\u00e7ok karargah\u0131 da imha etti. HAMA: Askeri bir kaynak vatan koruyucular\u0131m\u0131z\u0131n Hama k\u0131rsal\u0131n\u0131n g\u00fcneyinde Zara Elektrik \u0130stasyonu ve istasyonu korumakla m\u00fckellef askeri noktalara sald\u0131rmaya \u00e7al\u0131\u015fan \u2018Fetih Ordusu\u2019 \u00e7eteleri ile \u00e7at\u0131\u015fmalara girdiklerini belirtti. \u00c7at\u0131\u015fmada sald\u0131rganlar\u0131n \u00e7o\u011funun ara\u00e7 ve silahlar\u0131yla etkisizle\u015ftirildiklerini &hellip;<\/p>\n","protected":false},"author":1,"featured_media":82029,"comment_status":"closed","ping_status":"closed","sticky":false,"template":"","format":"standard","meta":{"footnotes":""},"categories":[575,17988],"tags":[22888],"class_list":["post-82028","post","type-post","status-publish","format-standard","has-post-thumbnail","","category-olaylar-ve-gercekler","category-son-haberler","tag-karargahlari-ve-toplanma-yerleri-imha-edildi"],"_links":{"self":[{"href":"https:\/\/archive.sana.sy\/tr\/index.php?rest_route=\/wp\/v2\/posts\/82028","targetHints":{"allow":["GET"]}}],"collection":[{"href":"https:\/\/archive.sana.sy\/tr\/index.php?rest_route=\/wp\/v2\/posts"}],"about":[{"href":"https:\/\/archive.sana.sy\/tr\/index.php?rest_route=\/wp\/v2\/types\/post"}],"author":[{"embeddable":true,"href":"https:\/\/archive.sana.sy\/tr\/index.php?rest_route=\/wp\/v2\/users\/1"}],"replies":[{"embeddable":true,"href":"https:\/\/archive.sana.sy\/tr\/index.php?rest_route=%2Fwp%2Fv2%2Fcomments&post=82028"}],"version-history":[{"count":0,"href":"https:\/\/archive.sana.sy\/tr\/index.php?rest_route=\/wp\/v2\/posts\/82028\/revisions"}],"wp:featuredmedia":[{"embeddable":true,"href":"https:\/\/archive.sana.sy\/tr\/index.php?rest_route=\/wp\/v2\/media\/82029"}],"wp:attachment":[{"href":"https:\/\/archive.sana.sy\/tr\/index.php?rest_route=%2Fwp%2Fv2%2Fmedia&parent=82028"}],"wp:term":[{"taxonomy":"category","embeddable":true,"href":"https:\/\/archive.sana.sy\/tr\/index.php?rest_route=%2Fwp%2Fv2%2Fcategories&post=82028"},{"taxonomy":"post_tag","embeddable":true,"href":"https:\/\/archive.sana.sy\/tr\/index.php?rest_route=%2Fwp%2Fv2%2Ftags&post=82028"}],"curies":[{"name":"wp","href":"https:\/\/api.w.org\/{rel}","templated":true}]}}