{"id":82034,"date":"2016-08-02T14:14:02","date_gmt":"2016-08-02T11:14:02","guid":{"rendered":"http:\/\/www.sana.sy\/tr\/?p=82034"},"modified":"2016-08-03T12:02:54","modified_gmt":"2016-08-03T09:02:54","slug":"uzlasma-cabalarini-sabote-etmeye-calisiyorlar","status":"publish","type":"post","link":"https:\/\/archive.sana.sy\/tr\/?p=82034","title":{"rendered":"Uzla\u015fma \u00c7abalar\u0131n\u0131 Sabote Etmeye \u00c7al\u0131\u015f\u0131yorlar"},"content":{"rendered":"<p>DERA \u2013 Dera\u2019da \u0130srail\u2019den destek ve komuta alan ter\u00f6ristler ulusal uzla\u015fma ve istikrar\u0131n sa\u011flanmas\u0131 \u00e7abalar\u0131n\u0131 baltalama \u00e7abalar\u0131 kapsam\u0131nda bug\u00fcn g\u00fcvenlik birimlerine teslim olmak isteyen kanun ka\u00e7a\u011f\u0131 14 vatanda\u015f ve ulusal uzla\u015fma \u00e7abalar\u0131nda bir sorumluyu ka\u00e7\u0131rd\u0131.<\/p>\n<p>Yerel kaynaklar SANA\u2019ya a\u00e7\u0131klamalar\u0131nda tekfirci ter\u00f6ristlerin Dera k\u0131rsal\u0131n\u0131n bat\u0131s\u0131 Tel \u015ehab Beldesinde ulusal uzla\u015fma sorumlusu Abd\u00fclkerim el Emyan\u2019\u0131 geneli yabanc\u0131lardan olu\u015fan tekfircilerin bulunduklar\u0131 Tafas Kasabas\u0131na ka\u00e7\u0131rd\u0131klar\u0131n\u0131 ifade etti.<\/p>\n<p>Kaynaklar tekfirci \u00e7etelerin ayn\u0131 zamanda Do\u011fu Gariye Beldesinden silahlar\u0131yla birlikte teslim olup af karar\u0131ndan faydalanma amac\u0131yla Dera Kentine hareket ettikleri s\u0131rada 14 kanun ka\u00e7a\u011f\u0131n\u0131 ka\u00e7\u0131rd\u0131klar\u0131n\u0131 aktard\u0131.<\/p>\n<p>\u0130srail, Suudi Arabistan ve daha ba\u015fka d\u0131\u015f g\u00fc\u00e7lerin edat olarak kulland\u0131klar\u0131 tekfirci ter\u00f6ristler; \u00f6zellikle 2016\/15 say\u0131l\u0131 af karar\u0131n\u0131n \u00e7\u0131kmas\u0131 ard\u0131ndan Dera\u2019da h\u0131zlanan uzla\u015fma \u00e7abalar\u0131n\u0131 sabote etme amac\u0131yla her t\u00fcrl\u00fc y\u00f6nteme ba\u015fvuruyor. Ter\u00f6ristler iki g\u00fcn \u00f6nce Dera k\u0131rsal\u0131 Musebbin Beldesinde d\u00fczenlenen ulusal uzla\u015fma bulu\u015fmas\u0131 s\u0131ras\u0131nda vatanda\u015flar\u0131 f\u00fczelerle hedef alm\u0131\u015flard\u0131.<\/p>\n<p>Bu arada son birka\u00e7 g\u00fcn i\u00e7inde Dera\u2019da silahlar\u0131yla teslim olan y\u00fczlerce kanun ka\u00e7a\u011f\u0131n\u0131n kanuni durumu yeniden d\u00fczenlenip normal ya\u015fam\u0131na ve ailesine d\u00f6nd\u00fc.<\/p>\n","protected":false},"excerpt":{"rendered":"<p>DERA \u2013 Dera\u2019da \u0130srail\u2019den destek ve komuta alan ter\u00f6ristler ulusal uzla\u015fma ve istikrar\u0131n sa\u011flanmas\u0131 \u00e7abalar\u0131n\u0131 baltalama \u00e7abalar\u0131 kapsam\u0131nda bug\u00fcn g\u00fcvenlik birimlerine teslim olmak isteyen kanun ka\u00e7a\u011f\u0131 14 vatanda\u015f ve ulusal uzla\u015fma \u00e7abalar\u0131nda bir sorumluyu ka\u00e7\u0131rd\u0131. Yerel kaynaklar SANA\u2019ya a\u00e7\u0131klamalar\u0131nda tekfirci ter\u00f6ristlerin Dera k\u0131rsal\u0131n\u0131n bat\u0131s\u0131 Tel \u015ehab Beldesinde ulusal uzla\u015fma sorumlusu Abd\u00fclkerim el Emyan\u2019\u0131 geneli yabanc\u0131lardan &hellip;<\/p>\n","protected":false},"author":1,"featured_media":82036,"comment_status":"closed","ping_status":"closed","sticky":false,"template":"","format":"standard","meta":{"footnotes":""},"categories":[479,575,17988,478],"tags":[22889],"class_list":["post-82034","post","type-post","status-publish","format-standard","has-post-thumbnail","","category-haberler-yerel","category-olaylar-ve-gercekler","category-son-haberler","category-yerel","tag-uzlasma-cabalarini-sabote-etmeye-calisiyorlar"],"_links":{"self":[{"href":"https:\/\/archive.sana.sy\/tr\/index.php?rest_route=\/wp\/v2\/posts\/82034","targetHints":{"allow":["GET"]}}],"collection":[{"href":"https:\/\/archive.sana.sy\/tr\/index.php?rest_route=\/wp\/v2\/posts"}],"about":[{"href":"https:\/\/archive.sana.sy\/tr\/index.php?rest_route=\/wp\/v2\/types\/post"}],"author":[{"embeddable":true,"href":"https:\/\/archive.sana.sy\/tr\/index.php?rest_route=\/wp\/v2\/users\/1"}],"replies":[{"embeddable":true,"href":"https:\/\/archive.sana.sy\/tr\/index.php?rest_route=%2Fwp%2Fv2%2Fcomments&post=82034"}],"version-history":[{"count":0,"href":"https:\/\/archive.sana.sy\/tr\/index.php?rest_route=\/wp\/v2\/posts\/82034\/revisions"}],"wp:featuredmedia":[{"embeddable":true,"href":"https:\/\/archive.sana.sy\/tr\/index.php?rest_route=\/wp\/v2\/media\/82036"}],"wp:attachment":[{"href":"https:\/\/archive.sana.sy\/tr\/index.php?rest_route=%2Fwp%2Fv2%2Fmedia&parent=82034"}],"wp:term":[{"taxonomy":"category","embeddable":true,"href":"https:\/\/archive.sana.sy\/tr\/index.php?rest_route=%2Fwp%2Fv2%2Fcategories&post=82034"},{"taxonomy":"post_tag","embeddable":true,"href":"https:\/\/archive.sana.sy\/tr\/index.php?rest_route=%2Fwp%2Fv2%2Ftags&post=82034"}],"curies":[{"name":"wp","href":"https:\/\/api.w.org\/{rel}","templated":true}]}}