{"id":82119,"date":"2016-08-03T10:16:59","date_gmt":"2016-08-03T07:16:59","guid":{"rendered":"http:\/\/www.sana.sy\/tr\/?p=82119"},"modified":"2016-08-03T12:46:46","modified_gmt":"2016-08-03T09:46:46","slug":"dera-kirsalinda-yine-israilden-destek-ve-komuta-alan-tekfirci-ve-hain-teroristlere-karsi-operasyonlarin-devam-ettigini-ifade-eden-askeri-kaynak-dera-beledin-bahhar-mezarligi-yakinla","status":"publish","type":"post","link":"https:\/\/archive.sana.sy\/tr\/?p=82119","title":{"rendered":"Dera k\u0131rsal\u0131nda yine \u0130srail\u2019den destek ve komuta alan tekfirci ve hain ter\u00f6ristlere kar\u015f\u0131 operasyonlar\u0131n devam etti\u011fini ifade eden askeri kaynak; Dera Beled\u2019in Bahhar Mezarl\u0131\u011f\u0131 yak\u0131nlar\u0131nda siperlenme eylemlerinde bulunan bir ter\u00f6r grubunun t\u00fcm \u00fcyelerini etkisiz hale getirirken, kulland\u0131klar\u0131 ara\u00e7 ve ekipmanlar\u0131 da tahrip etti."},"content":{"rendered":"<p>Dera k\u0131rsal\u0131nda yine \u0130srail\u2019den destek ve komuta alan tekfirci ve hain ter\u00f6ristlere kar\u015f\u0131 operasyonlar\u0131n devam etti\u011fini ifade eden askeri kaynak; Dera Beled\u2019in Bahhar Mezarl\u0131\u011f\u0131 yak\u0131nlar\u0131nda siperlenme eylemlerinde bulunan bir ter\u00f6r grubunun t\u00fcm \u00fcyelerini etkisiz hale getirirken, kulland\u0131klar\u0131 ara\u00e7 ve ekipmanlar\u0131 da tahrip etti.<\/p>\n","protected":false},"excerpt":{"rendered":"<p>Dera k\u0131rsal\u0131nda yine \u0130srail\u2019den destek ve komuta alan tekfirci ve hain ter\u00f6ristlere kar\u015f\u0131 operasyonlar\u0131n devam etti\u011fini ifade eden askeri kaynak; Dera Beled\u2019in Bahhar Mezarl\u0131\u011f\u0131 yak\u0131nlar\u0131nda siperlenme eylemlerinde bulunan bir ter\u00f6r grubunun t\u00fcm \u00fcyelerini etkisiz hale getirirken, kulland\u0131klar\u0131 ara\u00e7 ve ekipmanlar\u0131 da tahrip etti.<\/p>\n","protected":false},"author":1,"featured_media":0,"comment_status":"closed","ping_status":"closed","sticky":false,"template":"","format":"standard","meta":{"footnotes":""},"categories":[17991],"tags":[],"class_list":["post-82119","post","type-post","status-publish","format-standard","","category-son-dakika"],"_links":{"self":[{"href":"https:\/\/archive.sana.sy\/tr\/index.php?rest_route=\/wp\/v2\/posts\/82119","targetHints":{"allow":["GET"]}}],"collection":[{"href":"https:\/\/archive.sana.sy\/tr\/index.php?rest_route=\/wp\/v2\/posts"}],"about":[{"href":"https:\/\/archive.sana.sy\/tr\/index.php?rest_route=\/wp\/v2\/types\/post"}],"author":[{"embeddable":true,"href":"https:\/\/archive.sana.sy\/tr\/index.php?rest_route=\/wp\/v2\/users\/1"}],"replies":[{"embeddable":true,"href":"https:\/\/archive.sana.sy\/tr\/index.php?rest_route=%2Fwp%2Fv2%2Fcomments&post=82119"}],"version-history":[{"count":0,"href":"https:\/\/archive.sana.sy\/tr\/index.php?rest_route=\/wp\/v2\/posts\/82119\/revisions"}],"wp:attachment":[{"href":"https:\/\/archive.sana.sy\/tr\/index.php?rest_route=%2Fwp%2Fv2%2Fmedia&parent=82119"}],"wp:term":[{"taxonomy":"category","embeddable":true,"href":"https:\/\/archive.sana.sy\/tr\/index.php?rest_route=%2Fwp%2Fv2%2Fcategories&post=82119"},{"taxonomy":"post_tag","embeddable":true,"href":"https:\/\/archive.sana.sy\/tr\/index.php?rest_route=%2Fwp%2Fv2%2Ftags&post=82119"}],"curies":[{"name":"wp","href":"https:\/\/api.w.org\/{rel}","templated":true}]}}