{"id":82128,"date":"2016-08-03T10:46:30","date_gmt":"2016-08-03T07:46:30","guid":{"rendered":"http:\/\/www.sana.sy\/tr\/?p=82128"},"modified":"2016-08-03T12:54:09","modified_gmt":"2016-08-03T09:54:09","slug":"saha-kaynaklari-sanaya-aciklamalarinda-isid-orgutunun-deyrezzor-kirsali-hseyniye-bolge-emiri-olarak-bilinen-turki-hezzain-ona-eslik-eden-7-azili-terorist-ile-birlikte-ordu-b","status":"publish","type":"post","link":"https:\/\/archive.sana.sy\/tr\/?p=82128","title":{"rendered":"saha kaynaklar\u0131 SANA\u2019ya a\u00e7\u0131klamalar\u0131nda I\u015e\u0130D \u00d6rg\u00fct\u00fcn\u00fcn Deyrezzor k\u0131rsal\u0131 Hseyniye B\u00f6lge emiri olarak bilinen \u2018T\u00fcrki Hezza\u2019\u0131n ona e\u015flik eden 7 az\u0131l\u0131 ter\u00f6rist ile birlikte ordu birliklerimizin d\u00fczenledikleri nitelikli bir operasyonda \u00f6ld\u00fcr\u00fcld\u00fcklerini belirtti"},"content":{"rendered":"<p>saha kaynaklar\u0131 SANA\u2019ya a\u00e7\u0131klamalar\u0131nda I\u015e\u0130D \u00d6rg\u00fct\u00fcn\u00fcn Deyrezzor k\u0131rsal\u0131 Hseyniye B\u00f6lge emiri olarak bilinen \u2018T\u00fcrki Hezza\u2019\u0131n ona e\u015flik eden 7 az\u0131l\u0131 ter\u00f6rist ile birlikte ordu birliklerimizin d\u00fczenledikleri nitelikli bir operasyonda \u00f6ld\u00fcr\u00fcld\u00fcklerini belirtti<\/p>\n","protected":false},"excerpt":{"rendered":"<p>saha kaynaklar\u0131 SANA\u2019ya a\u00e7\u0131klamalar\u0131nda I\u015e\u0130D \u00d6rg\u00fct\u00fcn\u00fcn Deyrezzor k\u0131rsal\u0131 Hseyniye B\u00f6lge emiri olarak bilinen \u2018T\u00fcrki Hezza\u2019\u0131n ona e\u015flik eden 7 az\u0131l\u0131 ter\u00f6rist ile birlikte ordu birliklerimizin d\u00fczenledikleri nitelikli bir operasyonda \u00f6ld\u00fcr\u00fcld\u00fcklerini belirtti<\/p>\n","protected":false},"author":1,"featured_media":0,"comment_status":"closed","ping_status":"closed","sticky":false,"template":"","format":"standard","meta":{"footnotes":""},"categories":[17991],"tags":[],"class_list":["post-82128","post","type-post","status-publish","format-standard","","category-son-dakika"],"_links":{"self":[{"href":"https:\/\/archive.sana.sy\/tr\/index.php?rest_route=\/wp\/v2\/posts\/82128","targetHints":{"allow":["GET"]}}],"collection":[{"href":"https:\/\/archive.sana.sy\/tr\/index.php?rest_route=\/wp\/v2\/posts"}],"about":[{"href":"https:\/\/archive.sana.sy\/tr\/index.php?rest_route=\/wp\/v2\/types\/post"}],"author":[{"embeddable":true,"href":"https:\/\/archive.sana.sy\/tr\/index.php?rest_route=\/wp\/v2\/users\/1"}],"replies":[{"embeddable":true,"href":"https:\/\/archive.sana.sy\/tr\/index.php?rest_route=%2Fwp%2Fv2%2Fcomments&post=82128"}],"version-history":[{"count":0,"href":"https:\/\/archive.sana.sy\/tr\/index.php?rest_route=\/wp\/v2\/posts\/82128\/revisions"}],"wp:attachment":[{"href":"https:\/\/archive.sana.sy\/tr\/index.php?rest_route=%2Fwp%2Fv2%2Fmedia&parent=82128"}],"wp:term":[{"taxonomy":"category","embeddable":true,"href":"https:\/\/archive.sana.sy\/tr\/index.php?rest_route=%2Fwp%2Fv2%2Fcategories&post=82128"},{"taxonomy":"post_tag","embeddable":true,"href":"https:\/\/archive.sana.sy\/tr\/index.php?rest_route=%2Fwp%2Fv2%2Ftags&post=82128"}],"curies":[{"name":"wp","href":"https:\/\/api.w.org\/{rel}","templated":true}]}}