{"id":82244,"date":"2016-08-03T19:33:34","date_gmt":"2016-08-03T16:33:34","guid":{"rendered":"http:\/\/www.sana.sy\/tr\/?p=82244"},"modified":"2016-08-04T11:47:19","modified_gmt":"2016-08-04T08:47:19","slug":"500-kisi-serbest-birakildi","status":"publish","type":"post","link":"https:\/\/archive.sana.sy\/tr\/?p=82244","title":{"rendered":"500 Ki\u015fi Serbest B\u0131rak\u0131ld\u0131(video)"},"content":{"rendered":"<p>DERA \u2013 Ulusal uzla\u015fma \u00e7abalar\u0131 ve 2016\/15 say\u0131l\u0131 af karar\u0131 kapsam\u0131nda bug\u00fcn Dera ve k\u0131rsal\u0131nda silahlar\u0131yla birlikte teslim olan 500 kanun ka\u00e7a\u011f\u0131n\u0131n kanuni durumlar\u0131 yeniden d\u00fczenlenerek serbest b\u0131rak\u0131ld\u0131lar.<\/p>\n<p><a href=\"http:\/\/www.sana.sy\/tr\/wp-content\/uploads\/2016\/08\/teslim-olan-Dera.jpg\"><img loading=\"lazy\" decoding=\"async\" class=\"alignright wp-image-82249 size-medium\" src=\"http:\/\/www.sana.sy\/tr\/wp-content\/uploads\/2016\/08\/teslim-olan-Dera-300x194.jpg\" alt=\"teslim olan Dera\" width=\"300\" height=\"194\" srcset=\"https:\/\/archive.sana.sy\/tr\/wp-content\/uploads\/2016\/08\/teslim-olan-Dera-300x194.jpg 300w, https:\/\/archive.sana.sy\/tr\/wp-content\/uploads\/2016\/08\/teslim-olan-Dera-150x97.jpg 150w, https:\/\/archive.sana.sy\/tr\/wp-content\/uploads\/2016\/08\/teslim-olan-Dera-768x497.jpg 768w, https:\/\/archive.sana.sy\/tr\/wp-content\/uploads\/2016\/08\/teslim-olan-Dera-1024x663.jpg 1024w\" sizes=\"auto, (max-width: 300px) 100vw, 300px\" \/><\/a>Dera Valili\u011finde bir kaynak SANA\u2019ya a\u00e7\u0131klamas\u0131nda Dera Kenti ve k\u0131rsal\u0131ndan bug\u00fcn 500 kanun ka\u00e7a\u011f\u0131n\u0131n ulusal uzla\u015fama \u00e7abalar\u0131 kapsam\u0131nda 2016\/\/15 say\u0131l\u0131 af karar\u0131ndan faydalanmalar\u0131 i\u00e7in kanuni durumlar\u0131n\u0131n yeniden d\u00fczenlenip normal hayatlar\u0131na d\u00f6nd\u00fcklerini belirtti. Kaynak b\u00f6ylece son iki g\u00fcn i\u00e7inde g\u00fcvenlik birimlerine teslim olmalar\u0131yla kanuni durumlar\u0131 yeniden d\u00fczenlenip normal ya\u015famlar\u0131na d\u00f6nenlerin say\u0131s\u0131n\u0131n 2500 ki\u015fiyi a\u015ft\u0131\u011f\u0131n\u0131 a\u00e7\u0131klad\u0131.<\/p>\n<p>Normal ya\u015famlar\u0131na d\u00f6nen vatanda\u015flar dakikalar s\u00fcren icraatlar ard\u0131ndan normal ya\u015famlar\u0131na d\u00f6nmenin sevincini ifade ederken, silah ta\u015f\u0131yan herkesi ayn\u0131 yolu izlemelerine \u00e7a\u011f\u0131rd\u0131.<\/p>\n<p>https:\/\/youtu.be\/chMuFTtSDQ0<\/p>\n<div id='gallery-1' class='gallery galleryid-82244 gallery-columns-2 gallery-size-medium'><figure class='gallery-item'>\n\t\t\t<div class='gallery-icon landscape'>\n\t\t\t\t<a href='https:\/\/archive.sana.sy\/tr\/wp-content\/uploads\/2016\/08\/teslim-olan-Dera-1.jpg'><img loading=\"lazy\" decoding=\"async\" width=\"300\" height=\"188\" src=\"https:\/\/archive.sana.sy\/tr\/wp-content\/uploads\/2016\/08\/teslim-olan-Dera-1-300x188.jpg\" class=\"attachment-medium size-medium\" alt=\"\" srcset=\"https:\/\/archive.sana.sy\/tr\/wp-content\/uploads\/2016\/08\/teslim-olan-Dera-1-300x188.jpg 300w, https:\/\/archive.sana.sy\/tr\/wp-content\/uploads\/2016\/08\/teslim-olan-Dera-1-150x94.jpg 150w, https:\/\/archive.sana.sy\/tr\/wp-content\/uploads\/2016\/08\/teslim-olan-Dera-1-768x480.jpg 768w, https:\/\/archive.sana.sy\/tr\/wp-content\/uploads\/2016\/08\/teslim-olan-Dera-1-1024x640.jpg 1024w\" sizes=\"auto, (max-width: 300px) 100vw, 300px\" \/><\/a>\n\t\t\t<\/div><\/figure><figure class='gallery-item'>\n\t\t\t<div class='gallery-icon landscape'>\n\t\t\t\t<a href='https:\/\/archive.sana.sy\/tr\/wp-content\/uploads\/2016\/08\/teslim-olan-Dera-2.jpg'><img loading=\"lazy\" decoding=\"async\" width=\"300\" height=\"169\" src=\"https:\/\/archive.sana.sy\/tr\/wp-content\/uploads\/2016\/08\/teslim-olan-Dera-2-300x169.jpg\" class=\"attachment-medium size-medium\" alt=\"\" srcset=\"https:\/\/archive.sana.sy\/tr\/wp-content\/uploads\/2016\/08\/teslim-olan-Dera-2-300x169.jpg 300w, https:\/\/archive.sana.sy\/tr\/wp-content\/uploads\/2016\/08\/teslim-olan-Dera-2-150x85.jpg 150w, https:\/\/archive.sana.sy\/tr\/wp-content\/uploads\/2016\/08\/teslim-olan-Dera-2-768x433.jpg 768w, https:\/\/archive.sana.sy\/tr\/wp-content\/uploads\/2016\/08\/teslim-olan-Dera-2-1024x577.jpg 1024w\" sizes=\"auto, (max-width: 300px) 100vw, 300px\" \/><\/a>\n\t\t\t<\/div><\/figure>\n\t\t<\/div>\n\n","protected":false},"excerpt":{"rendered":"<p>DERA \u2013 Ulusal uzla\u015fma \u00e7abalar\u0131 ve 2016\/15 say\u0131l\u0131 af karar\u0131 kapsam\u0131nda bug\u00fcn Dera ve k\u0131rsal\u0131nda silahlar\u0131yla birlikte teslim olan 500 kanun ka\u00e7a\u011f\u0131n\u0131n kanuni durumlar\u0131 yeniden d\u00fczenlenerek serbest b\u0131rak\u0131ld\u0131lar. Dera Valili\u011finde bir kaynak SANA\u2019ya a\u00e7\u0131klamas\u0131nda Dera Kenti ve k\u0131rsal\u0131ndan bug\u00fcn 500 kanun ka\u00e7a\u011f\u0131n\u0131n ulusal uzla\u015fama \u00e7abalar\u0131 kapsam\u0131nda 2016\/\/15 say\u0131l\u0131 af karar\u0131ndan faydalanmalar\u0131 i\u00e7in kanuni durumlar\u0131n\u0131n yeniden &hellip;<\/p>\n","protected":false},"author":1,"featured_media":82247,"comment_status":"closed","ping_status":"closed","sticky":false,"template":"","format":"standard","meta":{"footnotes":""},"categories":[479,575,17988,478],"tags":[22918],"class_list":["post-82244","post","type-post","status-publish","format-standard","has-post-thumbnail","","category-haberler-yerel","category-olaylar-ve-gercekler","category-son-haberler","category-yerel","tag-500-kisi-serbest-birakildi"],"_links":{"self":[{"href":"https:\/\/archive.sana.sy\/tr\/index.php?rest_route=\/wp\/v2\/posts\/82244","targetHints":{"allow":["GET"]}}],"collection":[{"href":"https:\/\/archive.sana.sy\/tr\/index.php?rest_route=\/wp\/v2\/posts"}],"about":[{"href":"https:\/\/archive.sana.sy\/tr\/index.php?rest_route=\/wp\/v2\/types\/post"}],"author":[{"embeddable":true,"href":"https:\/\/archive.sana.sy\/tr\/index.php?rest_route=\/wp\/v2\/users\/1"}],"replies":[{"embeddable":true,"href":"https:\/\/archive.sana.sy\/tr\/index.php?rest_route=%2Fwp%2Fv2%2Fcomments&post=82244"}],"version-history":[{"count":0,"href":"https:\/\/archive.sana.sy\/tr\/index.php?rest_route=\/wp\/v2\/posts\/82244\/revisions"}],"wp:featuredmedia":[{"embeddable":true,"href":"https:\/\/archive.sana.sy\/tr\/index.php?rest_route=\/wp\/v2\/media\/82247"}],"wp:attachment":[{"href":"https:\/\/archive.sana.sy\/tr\/index.php?rest_route=%2Fwp%2Fv2%2Fmedia&parent=82244"}],"wp:term":[{"taxonomy":"category","embeddable":true,"href":"https:\/\/archive.sana.sy\/tr\/index.php?rest_route=%2Fwp%2Fv2%2Fcategories&post=82244"},{"taxonomy":"post_tag","embeddable":true,"href":"https:\/\/archive.sana.sy\/tr\/index.php?rest_route=%2Fwp%2Fv2%2Ftags&post=82244"}],"curies":[{"name":"wp","href":"https:\/\/api.w.org\/{rel}","templated":true}]}}