{"id":82511,"date":"2016-08-06T11:01:45","date_gmt":"2016-08-06T08:01:45","guid":{"rendered":"http:\/\/www.sana.sy\/tr\/?p=82511"},"modified":"2016-08-06T11:01:45","modified_gmt":"2016-08-06T08:01:45","slug":"kaynak-sanaya-aciklamasinda-ordu-birliklerimizde-ozel-guclerden-bir-birligin-derada-israil-destekli-teroristlere-yonelik-operasyonlari-kapsaminda-tafas-yaduda-yolu-uzerinde","status":"publish","type":"post","link":"https:\/\/archive.sana.sy\/tr\/?p=82511","title":{"rendered":"kaynak SANA\u2019ya a\u00e7\u0131klamas\u0131nda ordu birliklerimizde \u00f6zel g\u00fc\u00e7lerden bir birli\u011fin Dera\u2019da \u0130srail destekli ter\u00f6ristlere y\u00f6nelik operasyonlar\u0131 kapsam\u0131nda Tafas \u2013 Yaduda yolu \u00fczerinde bir ter\u00f6r grubunu ta\u015f\u0131yan arac\u0131 pusuya d\u00fc\u015f\u00fcr\u00fcp ara\u00e7 ve ta\u015f\u0131d\u0131\u011f\u0131 t\u00fcm ter\u00f6ristleri imha ettiklerini aktard\u0131"},"content":{"rendered":"<p>kaynak SANA\u2019ya a\u00e7\u0131klamas\u0131nda ordu birliklerimizde \u00f6zel g\u00fc\u00e7lerden bir birli\u011fin Dera\u2019da \u0130srail destekli ter\u00f6ristlere y\u00f6nelik operasyonlar\u0131 kapsam\u0131nda Tafas \u2013 Yaduda yolu \u00fczerinde bir ter\u00f6r grubunu ta\u015f\u0131yan arac\u0131 pusuya d\u00fc\u015f\u00fcr\u00fcp ara\u00e7 ve ta\u015f\u0131d\u0131\u011f\u0131 t\u00fcm ter\u00f6ristleri imha ettiklerini aktard\u0131<\/p>\n","protected":false},"excerpt":{"rendered":"<p>kaynak SANA\u2019ya a\u00e7\u0131klamas\u0131nda ordu birliklerimizde \u00f6zel g\u00fc\u00e7lerden bir birli\u011fin Dera\u2019da \u0130srail destekli ter\u00f6ristlere y\u00f6nelik operasyonlar\u0131 kapsam\u0131nda Tafas \u2013 Yaduda yolu \u00fczerinde bir ter\u00f6r grubunu ta\u015f\u0131yan arac\u0131 pusuya d\u00fc\u015f\u00fcr\u00fcp ara\u00e7 ve ta\u015f\u0131d\u0131\u011f\u0131 t\u00fcm ter\u00f6ristleri imha ettiklerini aktard\u0131<\/p>\n","protected":false},"author":1,"featured_media":0,"comment_status":"closed","ping_status":"closed","sticky":false,"template":"","format":"standard","meta":{"footnotes":""},"categories":[17991],"tags":[],"class_list":["post-82511","post","type-post","status-publish","format-standard","","category-son-dakika"],"_links":{"self":[{"href":"https:\/\/archive.sana.sy\/tr\/index.php?rest_route=\/wp\/v2\/posts\/82511","targetHints":{"allow":["GET"]}}],"collection":[{"href":"https:\/\/archive.sana.sy\/tr\/index.php?rest_route=\/wp\/v2\/posts"}],"about":[{"href":"https:\/\/archive.sana.sy\/tr\/index.php?rest_route=\/wp\/v2\/types\/post"}],"author":[{"embeddable":true,"href":"https:\/\/archive.sana.sy\/tr\/index.php?rest_route=\/wp\/v2\/users\/1"}],"replies":[{"embeddable":true,"href":"https:\/\/archive.sana.sy\/tr\/index.php?rest_route=%2Fwp%2Fv2%2Fcomments&post=82511"}],"version-history":[{"count":0,"href":"https:\/\/archive.sana.sy\/tr\/index.php?rest_route=\/wp\/v2\/posts\/82511\/revisions"}],"wp:attachment":[{"href":"https:\/\/archive.sana.sy\/tr\/index.php?rest_route=%2Fwp%2Fv2%2Fmedia&parent=82511"}],"wp:term":[{"taxonomy":"category","embeddable":true,"href":"https:\/\/archive.sana.sy\/tr\/index.php?rest_route=%2Fwp%2Fv2%2Fcategories&post=82511"},{"taxonomy":"post_tag","embeddable":true,"href":"https:\/\/archive.sana.sy\/tr\/index.php?rest_route=%2Fwp%2Fv2%2Ftags&post=82511"}],"curies":[{"name":"wp","href":"https:\/\/api.w.org\/{rel}","templated":true}]}}