{"id":82513,"date":"2016-08-06T12:28:07","date_gmt":"2016-08-06T09:28:07","guid":{"rendered":"http:\/\/www.sana.sy\/tr\/?p=82513"},"modified":"2016-08-07T08:42:39","modified_gmt":"2016-08-07T05:42:39","slug":"suriye-bayragi-rio-de-janeiro-olimpiyatlarinda-dalgalandi","status":"publish","type":"post","link":"https:\/\/archive.sana.sy\/tr\/?p=82513","title":{"rendered":"Suriye Bayra\u011f\u0131 Rio de Janeiro Olimpiyatlar\u0131nda Dalgaland\u0131(video)"},"content":{"rendered":"<p>R\u0130O de JANE\u0130RO \u2013 Suriye&#8217;nin \u015fanl\u0131 bayra\u011f\u0131 Brezilya\u2019n\u0131n Rio de Janeiro Kentinde d\u00fczenlenen Rio de Janeiro Olimpiyatlar\u0131nda onurla dalgaland\u0131.<\/p>\n<p>Suriye&#8217;nin 7 \u015fampiyonun yan\u0131 s\u0131ra aralar\u0131nda 2 hakemin bulundu\u011fu 6 idareciyle kat\u0131ld\u0131\u011f\u0131 olimpiyatlar\u0131n a\u00e7\u0131l\u0131\u015f etkinliklerinde Suriye&#8217;nin bayra\u011f\u0131n\u0131 y\u00fcksek atlama \u015fampiyonumuz Mecdeddin Gazel ta\u015f\u0131d\u0131.<\/p>\n<p>https:\/\/www.youtube.com\/watch?v=uZ08tAJxOEQ<\/p>\n<p>R.H.<\/p>\n","protected":false},"excerpt":{"rendered":"<p>R\u0130O de JANE\u0130RO \u2013 Suriye&#8217;nin \u015fanl\u0131 bayra\u011f\u0131 Brezilya\u2019n\u0131n Rio de Janeiro Kentinde d\u00fczenlenen Rio de Janeiro Olimpiyatlar\u0131nda onurla dalgaland\u0131. Suriye&#8217;nin 7 \u015fampiyonun yan\u0131 s\u0131ra aralar\u0131nda 2 hakemin bulundu\u011fu 6 idareciyle kat\u0131ld\u0131\u011f\u0131 olimpiyatlar\u0131n a\u00e7\u0131l\u0131\u015f etkinliklerinde Suriye&#8217;nin bayra\u011f\u0131n\u0131 y\u00fcksek atlama \u015fampiyonumuz Mecdeddin Gazel ta\u015f\u0131d\u0131. https:\/\/www.youtube.com\/watch?v=uZ08tAJxOEQ R.H.<\/p>\n","protected":false},"author":1,"featured_media":82549,"comment_status":"closed","ping_status":"closed","sticky":false,"template":"","format":"standard","meta":{"footnotes":""},"categories":[498,17988,496],"tags":[22969],"class_list":["post-82513","post","type-post","status-publish","format-standard","has-post-thumbnail","","category-dunya-turnuvalari","category-son-haberler","category-spor","tag-suriye-bayragi-rio-de-janeiro-olimpiyatlarinda-dalgalandi"],"_links":{"self":[{"href":"https:\/\/archive.sana.sy\/tr\/index.php?rest_route=\/wp\/v2\/posts\/82513","targetHints":{"allow":["GET"]}}],"collection":[{"href":"https:\/\/archive.sana.sy\/tr\/index.php?rest_route=\/wp\/v2\/posts"}],"about":[{"href":"https:\/\/archive.sana.sy\/tr\/index.php?rest_route=\/wp\/v2\/types\/post"}],"author":[{"embeddable":true,"href":"https:\/\/archive.sana.sy\/tr\/index.php?rest_route=\/wp\/v2\/users\/1"}],"replies":[{"embeddable":true,"href":"https:\/\/archive.sana.sy\/tr\/index.php?rest_route=%2Fwp%2Fv2%2Fcomments&post=82513"}],"version-history":[{"count":0,"href":"https:\/\/archive.sana.sy\/tr\/index.php?rest_route=\/wp\/v2\/posts\/82513\/revisions"}],"wp:featuredmedia":[{"embeddable":true,"href":"https:\/\/archive.sana.sy\/tr\/index.php?rest_route=\/wp\/v2\/media\/82549"}],"wp:attachment":[{"href":"https:\/\/archive.sana.sy\/tr\/index.php?rest_route=%2Fwp%2Fv2%2Fmedia&parent=82513"}],"wp:term":[{"taxonomy":"category","embeddable":true,"href":"https:\/\/archive.sana.sy\/tr\/index.php?rest_route=%2Fwp%2Fv2%2Fcategories&post=82513"},{"taxonomy":"post_tag","embeddable":true,"href":"https:\/\/archive.sana.sy\/tr\/index.php?rest_route=%2Fwp%2Fv2%2Ftags&post=82513"}],"curies":[{"name":"wp","href":"https:\/\/api.w.org\/{rel}","templated":true}]}}