{"id":82553,"date":"2016-08-06T14:28:49","date_gmt":"2016-08-06T11:28:49","guid":{"rendered":"http:\/\/www.sana.sy\/tr\/?p=82553"},"modified":"2016-08-06T14:28:49","modified_gmt":"2016-08-06T11:28:49","slug":"halep-emniyet-mudurlugunde-bir-kaynak-sanaya-aciklamasinda-ordu-birliklerimiz-onunde-agir-kayiplar-veren-teroristlerin-hinclarini-sivillerden-almak-icin-kentin-hamadaniye-semtini-fuzelerle-he","status":"publish","type":"post","link":"https:\/\/archive.sana.sy\/tr\/?p=82553","title":{"rendered":"Halep Emniyet M\u00fcd\u00fcrl\u00fc\u011f\u00fcnde bir kaynak SANA\u2019ya a\u00e7\u0131klamas\u0131nda ordu birliklerimiz \u00f6n\u00fcnde a\u011f\u0131r kay\u0131plar veren ter\u00f6ristlerin h\u0131n\u00e7lar\u0131n\u0131 sivillerden almak i\u00e7in kentin Hamadaniye Semtini f\u00fczelerle hedef ald\u0131klar\u0131n\u0131 aktar\u0131rken, bu sald\u0131r\u0131larda aralar\u0131nda \u00e7ocuk ve kad\u0131nlar\u0131n bulundu\u011fu 7 vatanda\u015f\u0131n \u015fehit, 13 vatanda\u015f\u0131n da yaral\u0131 d\u00fc\u015ft\u00fcklerini belirtti"},"content":{"rendered":"<p>Halep Emniyet M\u00fcd\u00fcrl\u00fc\u011f\u00fcnde bir kaynak SANA\u2019ya a\u00e7\u0131klamas\u0131nda ordu birliklerimiz \u00f6n\u00fcnde a\u011f\u0131r kay\u0131plar veren ter\u00f6ristlerin h\u0131n\u00e7lar\u0131n\u0131 sivillerden almak i\u00e7in kentin Hamadaniye Semtini f\u00fczelerle hedef ald\u0131klar\u0131n\u0131 aktar\u0131rken, bu sald\u0131r\u0131larda aralar\u0131nda \u00e7ocuk ve kad\u0131nlar\u0131n bulundu\u011fu 7 vatanda\u015f\u0131n \u015fehit, 13 vatanda\u015f\u0131n da yaral\u0131 d\u00fc\u015ft\u00fcklerini belirtti<\/p>\n","protected":false},"excerpt":{"rendered":"<p>Halep Emniyet M\u00fcd\u00fcrl\u00fc\u011f\u00fcnde bir kaynak SANA\u2019ya a\u00e7\u0131klamas\u0131nda ordu birliklerimiz \u00f6n\u00fcnde a\u011f\u0131r kay\u0131plar veren ter\u00f6ristlerin h\u0131n\u00e7lar\u0131n\u0131 sivillerden almak i\u00e7in kentin Hamadaniye Semtini f\u00fczelerle hedef ald\u0131klar\u0131n\u0131 aktar\u0131rken, bu sald\u0131r\u0131larda aralar\u0131nda \u00e7ocuk ve kad\u0131nlar\u0131n bulundu\u011fu 7 vatanda\u015f\u0131n \u015fehit, 13 vatanda\u015f\u0131n da yaral\u0131 d\u00fc\u015ft\u00fcklerini belirtti<\/p>\n","protected":false},"author":1,"featured_media":0,"comment_status":"closed","ping_status":"closed","sticky":false,"template":"","format":"standard","meta":{"footnotes":""},"categories":[17991],"tags":[],"class_list":["post-82553","post","type-post","status-publish","format-standard","","category-son-dakika"],"_links":{"self":[{"href":"https:\/\/archive.sana.sy\/tr\/index.php?rest_route=\/wp\/v2\/posts\/82553","targetHints":{"allow":["GET"]}}],"collection":[{"href":"https:\/\/archive.sana.sy\/tr\/index.php?rest_route=\/wp\/v2\/posts"}],"about":[{"href":"https:\/\/archive.sana.sy\/tr\/index.php?rest_route=\/wp\/v2\/types\/post"}],"author":[{"embeddable":true,"href":"https:\/\/archive.sana.sy\/tr\/index.php?rest_route=\/wp\/v2\/users\/1"}],"replies":[{"embeddable":true,"href":"https:\/\/archive.sana.sy\/tr\/index.php?rest_route=%2Fwp%2Fv2%2Fcomments&post=82553"}],"version-history":[{"count":0,"href":"https:\/\/archive.sana.sy\/tr\/index.php?rest_route=\/wp\/v2\/posts\/82553\/revisions"}],"wp:attachment":[{"href":"https:\/\/archive.sana.sy\/tr\/index.php?rest_route=%2Fwp%2Fv2%2Fmedia&parent=82553"}],"wp:term":[{"taxonomy":"category","embeddable":true,"href":"https:\/\/archive.sana.sy\/tr\/index.php?rest_route=%2Fwp%2Fv2%2Fcategories&post=82553"},{"taxonomy":"post_tag","embeddable":true,"href":"https:\/\/archive.sana.sy\/tr\/index.php?rest_route=%2Fwp%2Fv2%2Ftags&post=82553"}],"curies":[{"name":"wp","href":"https:\/\/api.w.org\/{rel}","templated":true}]}}