{"id":82565,"date":"2016-08-06T15:06:28","date_gmt":"2016-08-06T12:06:28","guid":{"rendered":"http:\/\/www.sana.sy\/tr\/?p=82565"},"modified":"2016-08-07T08:42:45","modified_gmt":"2016-08-07T05:42:45","slug":"yillar-suren-kesintiden-sonra-ilk-gemi-hareket-etti","status":"publish","type":"post","link":"https:\/\/archive.sana.sy\/tr\/?p=82565","title":{"rendered":"Y\u0131llar S\u00fcren Kesintiden Sonra \u0130lk Gemi Hareket Etti"},"content":{"rendered":"<p>LAZK\u0130YE \u2013 Ta\u015f\u0131mac\u0131l\u0131k ve Ula\u015ft\u0131rma Bakan\u0131 Ali Hammud y\u0131llar s\u00fcren kesintiden sonra Suriye bayra\u011f\u0131 ta\u015f\u0131yan Suriyeli ilk resmi geminin d\u00fcn Lazkiye Liman\u0131ndan Rusya&#8217;ya hareket etti\u011fini ilan etti.<\/p>\n<p>Bakan Hammud SANA\u2019ya a\u00e7\u0131klamas\u0131nda giderken Suriyeli mallar\u0131 Rusya&#8217;ya ta\u015f\u0131yan Fenike adl\u0131 Suriye band\u0131ral\u0131 geminin, d\u00f6nerken de Rusya&#8217;dan Suriye&#8217;ye muhtelif t\u00fcr mallarla d\u00f6nece\u011fini s\u00f6yledi. Suriye band\u0131ral\u0131 bir\u00e7ok geminin yak\u0131n s\u00fcre i\u00e7inde d\u00fcnyan\u0131n muhtelif devletlerine ihracat mallar\u0131 ta\u015f\u0131yaca\u011f\u0131n\u0131 belirten Hammud; bunun muhtelif devletlerle ekonomik ili\u015fkileri peki\u015ftirme a\u00e7\u0131s\u0131ndan ciddi bir \u00f6nem ta\u015f\u0131d\u0131\u011f\u0131na vurgu yapt\u0131.<\/p>\n","protected":false},"excerpt":{"rendered":"<p>LAZK\u0130YE \u2013 Ta\u015f\u0131mac\u0131l\u0131k ve Ula\u015ft\u0131rma Bakan\u0131 Ali Hammud y\u0131llar s\u00fcren kesintiden sonra Suriye bayra\u011f\u0131 ta\u015f\u0131yan Suriyeli ilk resmi geminin d\u00fcn Lazkiye Liman\u0131ndan Rusya&#8217;ya hareket etti\u011fini ilan etti. Bakan Hammud SANA\u2019ya a\u00e7\u0131klamas\u0131nda giderken Suriyeli mallar\u0131 Rusya&#8217;ya ta\u015f\u0131yan Fenike adl\u0131 Suriye band\u0131ral\u0131 geminin, d\u00f6nerken de Rusya&#8217;dan Suriye&#8217;ye muhtelif t\u00fcr mallarla d\u00f6nece\u011fini s\u00f6yledi. Suriye band\u0131ral\u0131 bir\u00e7ok geminin yak\u0131n &hellip;<\/p>\n","protected":false},"author":1,"featured_media":82566,"comment_status":"closed","ping_status":"closed","sticky":false,"template":"","format":"standard","meta":{"footnotes":""},"categories":[485,486,479,17988,478],"tags":[22981,22980],"class_list":["post-82565","post","type-post","status-publish","format-standard","has-post-thumbnail","","category-is-ve-sermaye","category-haberler-is-ve-sermaye","category-haberler-yerel","category-son-haberler","category-yerel","tag-tasimacilik-ve-ulastirma-bakani-ali-hammud","tag-yillar-suren-kesintiden-sonra-ilk-gemi-hareket-etti"],"_links":{"self":[{"href":"https:\/\/archive.sana.sy\/tr\/index.php?rest_route=\/wp\/v2\/posts\/82565","targetHints":{"allow":["GET"]}}],"collection":[{"href":"https:\/\/archive.sana.sy\/tr\/index.php?rest_route=\/wp\/v2\/posts"}],"about":[{"href":"https:\/\/archive.sana.sy\/tr\/index.php?rest_route=\/wp\/v2\/types\/post"}],"author":[{"embeddable":true,"href":"https:\/\/archive.sana.sy\/tr\/index.php?rest_route=\/wp\/v2\/users\/1"}],"replies":[{"embeddable":true,"href":"https:\/\/archive.sana.sy\/tr\/index.php?rest_route=%2Fwp%2Fv2%2Fcomments&post=82565"}],"version-history":[{"count":0,"href":"https:\/\/archive.sana.sy\/tr\/index.php?rest_route=\/wp\/v2\/posts\/82565\/revisions"}],"wp:featuredmedia":[{"embeddable":true,"href":"https:\/\/archive.sana.sy\/tr\/index.php?rest_route=\/wp\/v2\/media\/82566"}],"wp:attachment":[{"href":"https:\/\/archive.sana.sy\/tr\/index.php?rest_route=%2Fwp%2Fv2%2Fmedia&parent=82565"}],"wp:term":[{"taxonomy":"category","embeddable":true,"href":"https:\/\/archive.sana.sy\/tr\/index.php?rest_route=%2Fwp%2Fv2%2Fcategories&post=82565"},{"taxonomy":"post_tag","embeddable":true,"href":"https:\/\/archive.sana.sy\/tr\/index.php?rest_route=%2Fwp%2Fv2%2Ftags&post=82565"}],"curies":[{"name":"wp","href":"https:\/\/api.w.org\/{rel}","templated":true}]}}