{"id":8263,"date":"2014-08-26T09:15:04","date_gmt":"2014-08-26T06:15:04","guid":{"rendered":"http:\/\/www.sana.sy\/tr\/?p=8263"},"modified":"2014-08-27T09:03:34","modified_gmt":"2014-08-27T06:03:34","slug":"isgal-ucaklarinin-bu-sabahki-bombardimanlarinda-3-sehit-25ten-fazla-yarali","status":"publish","type":"post","link":"https:\/\/archive.sana.sy\/tr\/?p=8263","title":{"rendered":"\u0130\u015fgal U\u00e7aklar\u0131n\u0131n Bu Sabahki Bombard\u0131manlar\u0131nda 3 \u015eehit 25\u2019ten Fazla Yaral\u0131"},"content":{"rendered":"<p>GAZZE \u2013 \u0130srail i\u015fgal g\u00fc\u00e7leri sava\u015f u\u00e7aklar\u0131n\u0131n Gazze Kesimi kuzeyindeki el Nafak Caddesini bu sabah hedef almas\u0131 sonucunda 2 Filistinli \u015fehit d\u00fc\u015ft\u00fc baz\u0131lar\u0131 da yaraland\u0131.<\/p>\n<p>Filistinli Haber ve Bilgi Ajans\u0131 \/VEFA\/, \u015fehit ve yaral\u0131lar\u0131n i\u015fgal u\u00e7aklar\u0131n\u0131n caddede bir grup Filistinliyi hedef almas\u0131 sonucunda d\u00fc\u015ft\u00fcklerini, \u015fehit ve yaral\u0131lar\u0131n Hastaneye kald\u0131r\u0131ld\u0131klar\u0131n\u0131 belirtti.<\/p>\n<p>\u0130\u015fgal tanklar\u0131n\u0131n d\u00fcn gece el Zahra Okulunun \u00e7evresindeki bir ka\u00e7 eve ate\u015f a\u00e7mas\u0131yla 1 Filistinli \u015fehit d\u00fc\u015ferken 25 ki\u015fi de yaraland\u0131.<\/p>\n<p>VEFA ajans\u0131, \u015fehit ve aralar\u0131nda \u00e7ok a\u011f\u0131r olan baz\u0131 yaral\u0131lar\u0131n hastaneye kald\u0131r\u0131ld\u0131klar\u0131n\u0131 kurtarma ekiplerinin de halen kay\u0131plar\u0131 arama operasyonlar\u0131n\u0131 s\u00fcrd\u00fcrd\u00fcklerini belirtti.<\/p>\n<p>Beyt Lahya\u2019da ise i\u015fgal u\u00e7aklar\u0131n\u0131n bir eve d\u00fczenledi\u011fi bombard\u0131man sonucunda 4 Filistinli yaraland\u0131.<\/p>\n<p>Filistin \u0130nsan Haklar\u0131 Merkezi, i\u015fgalci \u0130srail g\u00fc\u00e7lerinin Gazze Kesimine y\u00f6nelik s\u00fcre gelen sald\u0131r\u0131lar\u0131nda baz\u0131 aileler hakk\u0131nda soyk\u0131r\u0131m i\u015fledi\u011fini belirterek sald\u0131r\u0131lar\u0131n devam etmesi g\u00f6lgesinde insani durumlar\u0131n b\u00fcy\u00fcmesinden uyard\u0131.<\/p>\n<p>Merkezin d\u00fcn yay\u0131nlad\u0131\u011f\u0131 rapor, sald\u0131r\u0131lar sonucunda Gazze Kesimindeki insani durumlar\u0131n \u00e7ok k\u00f6t\u00fcye gitti\u011fini, yakla\u015f\u0131k 1,8 Milyon insan\u0131n durumunun sava\u015f eylemleri sebebiyle g\u00fcvenlik, selamet ve zaruri insani ihtiya\u00e7lar\u0131 sa\u011flama g\u00fc\u00e7lerinin k\u00f6t\u00fcye gitti\u011fini vurgulad\u0131.<\/p>\n<p>Rapor, i\u015fgal g\u00fc\u00e7lerinin u\u00e7aklar\u0131yla 922 evi do\u011frudan hedef ald\u0131\u011f\u0131n\u0131 hava ve kara operasyonlar\u0131 sonucunda da binlerce evin y\u0131k\u0131ld\u0131\u011f\u0131na dikkat \u00e7ekti.<\/p>\n<p>Rapor, i\u015fgal g\u00fc\u00e7lerinin sivillere ait y\u00fczlerce tesisi ve aralar\u0131nda hastane, okul, ticari sanayi ve zirai tesisler, su, elektrik ve kanalizasyon gibi temel hizmet alt yap\u0131lar\u0131n\u0131 y\u0131kt\u0131klar\u0131n\u0131 a\u00e7\u0131klad\u0131.<\/p>\n<p>Raporda, i\u015fgal g\u00fc\u00e7lerinin \u00f6rg\u00fctl\u00fc sava\u015f su\u00e7u olmas\u0131 ve insanl\u0131\u011fa kar\u015f\u0131 i\u015flenmi\u015f su\u00e7lar olarak nitelenebilecek b\u00fcy\u00fck ihlaller i\u015flediklerine dikkat \u00e7ekildi.<\/p>\n<p>50 g\u00fcnden bu yana Gazze Kesimine y\u00f6nelik s\u00fcregelen i\u015fgalci \u0130srail&#8217;in vah\u015fi sald\u0131r\u0131lar\u0131 sonucunda \u015fehit d\u00fc\u015fenlerin say\u0131s\u0131 aralar\u0131nda 566 \u00e7ocuk, 261 kad\u0131n ve 101 ya\u015fl\u0131n\u0131n bulundu\u011fu 2134\u2019e y\u00fckselirken yaral\u0131lar\u0131n say\u0131s\u0131 ise 11 bini ge\u00e7ti.<\/p>\n<p>&nbsp;<\/p>\n","protected":false},"excerpt":{"rendered":"<p>GAZZE \u2013 \u0130srail i\u015fgal g\u00fc\u00e7leri sava\u015f u\u00e7aklar\u0131n\u0131n Gazze Kesimi kuzeyindeki el Nafak Caddesini bu sabah hedef almas\u0131 sonucunda 2 Filistinli \u015fehit d\u00fc\u015ft\u00fc baz\u0131lar\u0131 da yaraland\u0131. Filistinli Haber ve Bilgi Ajans\u0131 \/VEFA\/, \u015fehit ve yaral\u0131lar\u0131n i\u015fgal u\u00e7aklar\u0131n\u0131n caddede bir grup Filistinliyi hedef almas\u0131 sonucunda d\u00fc\u015ft\u00fcklerini, \u015fehit ve yaral\u0131lar\u0131n Hastaneye kald\u0131r\u0131ld\u0131klar\u0131n\u0131 belirtti. \u0130\u015fgal tanklar\u0131n\u0131n d\u00fcn gece el &hellip;<\/p>\n","protected":false},"author":1,"featured_media":8264,"comment_status":"closed","ping_status":"closed","sticky":false,"template":"","format":"standard","meta":{"footnotes":""},"categories":[458,459,447],"tags":[1851],"class_list":["post-8263","post","type-post","status-publish","format-standard","has-post-thumbnail","","category-dunya1","category-haberler-arap-uluslararasi-politika","category-politika","tag-isgal-ucaklarinin-bu-sabahki-bombardimanlarinda-3-sehit-25ten-fazla-yarali"],"_links":{"self":[{"href":"https:\/\/archive.sana.sy\/tr\/index.php?rest_route=\/wp\/v2\/posts\/8263","targetHints":{"allow":["GET"]}}],"collection":[{"href":"https:\/\/archive.sana.sy\/tr\/index.php?rest_route=\/wp\/v2\/posts"}],"about":[{"href":"https:\/\/archive.sana.sy\/tr\/index.php?rest_route=\/wp\/v2\/types\/post"}],"author":[{"embeddable":true,"href":"https:\/\/archive.sana.sy\/tr\/index.php?rest_route=\/wp\/v2\/users\/1"}],"replies":[{"embeddable":true,"href":"https:\/\/archive.sana.sy\/tr\/index.php?rest_route=%2Fwp%2Fv2%2Fcomments&post=8263"}],"version-history":[{"count":0,"href":"https:\/\/archive.sana.sy\/tr\/index.php?rest_route=\/wp\/v2\/posts\/8263\/revisions"}],"wp:featuredmedia":[{"embeddable":true,"href":"https:\/\/archive.sana.sy\/tr\/index.php?rest_route=\/wp\/v2\/media\/8264"}],"wp:attachment":[{"href":"https:\/\/archive.sana.sy\/tr\/index.php?rest_route=%2Fwp%2Fv2%2Fmedia&parent=8263"}],"wp:term":[{"taxonomy":"category","embeddable":true,"href":"https:\/\/archive.sana.sy\/tr\/index.php?rest_route=%2Fwp%2Fv2%2Fcategories&post=8263"},{"taxonomy":"post_tag","embeddable":true,"href":"https:\/\/archive.sana.sy\/tr\/index.php?rest_route=%2Fwp%2Fv2%2Ftags&post=8263"}],"curies":[{"name":"wp","href":"https:\/\/api.w.org\/{rel}","templated":true}]}}