{"id":82730,"date":"2016-08-07T14:56:17","date_gmt":"2016-08-07T11:56:17","guid":{"rendered":"http:\/\/www.sana.sy\/tr\/?p=82730"},"modified":"2016-08-08T14:31:58","modified_gmt":"2016-08-08T11:31:58","slug":"264-kisi-daha-af-kararindan-faydalandi","status":"publish","type":"post","link":"https:\/\/archive.sana.sy\/tr\/?p=82730","title":{"rendered":"264 Ki\u015fi Daha Af Karar\u0131ndan Faydaland\u0131"},"content":{"rendered":"<p>DERA \u2013 Ulusal uzla\u015fma \u00e7abalar\u0131 ve 2016\/15 say\u0131l\u0131 af karar\u0131 kapsam\u0131nda son 24 saat i\u00e7inde Dera\u2019n\u0131n muhtelif b\u00f6lgelerinden silahlar\u0131yla teslim olan 264 kanun ka\u00e7a\u011f\u0131n\u0131n kanuni durumlar\u0131 yeniden d\u00fczenlenerek serbest b\u0131rak\u0131ld\u0131lar.<\/p>\n<p>Ge\u00e7en birka\u00e7 g\u00fcn i\u00e7inde benzer ko\u015fullar alt\u0131nda binlerce ki\u015fi silah\u0131n\u0131 teslim edip af karar\u0131ndan faydalanmas\u0131yla normal ya\u015fam\u0131na d\u00f6nm\u00fc\u015ft\u00fc.<\/p>\n<p>M.M.<\/p>\n","protected":false},"excerpt":{"rendered":"<p>DERA \u2013 Ulusal uzla\u015fma \u00e7abalar\u0131 ve 2016\/15 say\u0131l\u0131 af karar\u0131 kapsam\u0131nda son 24 saat i\u00e7inde Dera\u2019n\u0131n muhtelif b\u00f6lgelerinden silahlar\u0131yla teslim olan 264 kanun ka\u00e7a\u011f\u0131n\u0131n kanuni durumlar\u0131 yeniden d\u00fczenlenerek serbest b\u0131rak\u0131ld\u0131lar. Ge\u00e7en birka\u00e7 g\u00fcn i\u00e7inde benzer ko\u015fullar alt\u0131nda binlerce ki\u015fi silah\u0131n\u0131 teslim edip af karar\u0131ndan faydalanmas\u0131yla normal ya\u015fam\u0131na d\u00f6nm\u00fc\u015ft\u00fc. M.M.<\/p>\n","protected":false},"author":1,"featured_media":82731,"comment_status":"closed","ping_status":"closed","sticky":false,"template":"","format":"standard","meta":{"footnotes":""},"categories":[479,575,17988,478],"tags":[23002],"class_list":["post-82730","post","type-post","status-publish","format-standard","has-post-thumbnail","","category-haberler-yerel","category-olaylar-ve-gercekler","category-son-haberler","category-yerel","tag-264-kisi-daha-af-kararindan-faydalandi"],"_links":{"self":[{"href":"https:\/\/archive.sana.sy\/tr\/index.php?rest_route=\/wp\/v2\/posts\/82730","targetHints":{"allow":["GET"]}}],"collection":[{"href":"https:\/\/archive.sana.sy\/tr\/index.php?rest_route=\/wp\/v2\/posts"}],"about":[{"href":"https:\/\/archive.sana.sy\/tr\/index.php?rest_route=\/wp\/v2\/types\/post"}],"author":[{"embeddable":true,"href":"https:\/\/archive.sana.sy\/tr\/index.php?rest_route=\/wp\/v2\/users\/1"}],"replies":[{"embeddable":true,"href":"https:\/\/archive.sana.sy\/tr\/index.php?rest_route=%2Fwp%2Fv2%2Fcomments&post=82730"}],"version-history":[{"count":0,"href":"https:\/\/archive.sana.sy\/tr\/index.php?rest_route=\/wp\/v2\/posts\/82730\/revisions"}],"wp:featuredmedia":[{"embeddable":true,"href":"https:\/\/archive.sana.sy\/tr\/index.php?rest_route=\/wp\/v2\/media\/82731"}],"wp:attachment":[{"href":"https:\/\/archive.sana.sy\/tr\/index.php?rest_route=%2Fwp%2Fv2%2Fmedia&parent=82730"}],"wp:term":[{"taxonomy":"category","embeddable":true,"href":"https:\/\/archive.sana.sy\/tr\/index.php?rest_route=%2Fwp%2Fv2%2Fcategories&post=82730"},{"taxonomy":"post_tag","embeddable":true,"href":"https:\/\/archive.sana.sy\/tr\/index.php?rest_route=%2Fwp%2Fv2%2Ftags&post=82730"}],"curies":[{"name":"wp","href":"https:\/\/api.w.org\/{rel}","templated":true}]}}