{"id":82767,"date":"2016-08-07T20:26:13","date_gmt":"2016-08-07T17:26:13","guid":{"rendered":"http:\/\/www.sana.sy\/tr\/?p=82767"},"modified":"2016-08-07T20:26:13","modified_gmt":"2016-08-07T17:26:13","slug":"rus-ve-suriye-hava-guclerimizin-halep-kirsalinin-han-tuman-ve-han-el-asel-bolgelerinde-fetih-ordusuna-ait-3-komuta-karargahini-muhtevalariyla-imha-ettiklerini-belirten-kaynak-seraki","status":"publish","type":"post","link":"https:\/\/archive.sana.sy\/tr\/?p=82767","title":{"rendered":"Rus ve Suriye hava g\u00fc\u00e7lerimizin Halep k\u0131rsal\u0131n\u0131n Han Tuman ve Han el Asel b\u00f6lgelerinde \u2018Fetih Ordusu\u2019na ait 3 komuta karargah\u0131n\u0131 muhtevalar\u0131yla imha ettiklerini belirten kaynak; Serakib \u2013 Halep, Teftanaz \u2013 Halep ve Zerba \u2013 Halep eksenlerinde bir\u00e7ok ara\u00e7 konvoylar\u0131n\u0131 ta\u015f\u0131d\u0131klar\u0131 cephane ve ter\u00f6ristlerle birlikte imha ettiklerini vurgulad\u0131"},"content":{"rendered":"<p>Rus ve Suriye hava g\u00fc\u00e7lerimizin Halep k\u0131rsal\u0131n\u0131n Han Tuman ve Han el Asel b\u00f6lgelerinde \u2018Fetih Ordusu\u2019na ait 3 komuta karargah\u0131n\u0131 muhtevalar\u0131yla imha ettiklerini belirten kaynak; Serakib \u2013 Halep, Teftanaz \u2013 Halep ve Zerba \u2013 Halep eksenlerinde bir\u00e7ok ara\u00e7 konvoylar\u0131n\u0131 ta\u015f\u0131d\u0131klar\u0131 cephane ve ter\u00f6ristlerle birlikte imha ettiklerini vurgulad\u0131<\/p>\n","protected":false},"excerpt":{"rendered":"<p>Rus ve Suriye hava g\u00fc\u00e7lerimizin Halep k\u0131rsal\u0131n\u0131n Han Tuman ve Han el Asel b\u00f6lgelerinde \u2018Fetih Ordusu\u2019na ait 3 komuta karargah\u0131n\u0131 muhtevalar\u0131yla imha ettiklerini belirten kaynak; Serakib \u2013 Halep, Teftanaz \u2013 Halep ve Zerba \u2013 Halep eksenlerinde bir\u00e7ok ara\u00e7 konvoylar\u0131n\u0131 ta\u015f\u0131d\u0131klar\u0131 cephane ve ter\u00f6ristlerle birlikte imha ettiklerini vurgulad\u0131<\/p>\n","protected":false},"author":1,"featured_media":0,"comment_status":"closed","ping_status":"closed","sticky":false,"template":"","format":"standard","meta":{"footnotes":""},"categories":[17991],"tags":[],"class_list":["post-82767","post","type-post","status-publish","format-standard","","category-son-dakika"],"_links":{"self":[{"href":"https:\/\/archive.sana.sy\/tr\/index.php?rest_route=\/wp\/v2\/posts\/82767","targetHints":{"allow":["GET"]}}],"collection":[{"href":"https:\/\/archive.sana.sy\/tr\/index.php?rest_route=\/wp\/v2\/posts"}],"about":[{"href":"https:\/\/archive.sana.sy\/tr\/index.php?rest_route=\/wp\/v2\/types\/post"}],"author":[{"embeddable":true,"href":"https:\/\/archive.sana.sy\/tr\/index.php?rest_route=\/wp\/v2\/users\/1"}],"replies":[{"embeddable":true,"href":"https:\/\/archive.sana.sy\/tr\/index.php?rest_route=%2Fwp%2Fv2%2Fcomments&post=82767"}],"version-history":[{"count":0,"href":"https:\/\/archive.sana.sy\/tr\/index.php?rest_route=\/wp\/v2\/posts\/82767\/revisions"}],"wp:attachment":[{"href":"https:\/\/archive.sana.sy\/tr\/index.php?rest_route=%2Fwp%2Fv2%2Fmedia&parent=82767"}],"wp:term":[{"taxonomy":"category","embeddable":true,"href":"https:\/\/archive.sana.sy\/tr\/index.php?rest_route=%2Fwp%2Fv2%2Fcategories&post=82767"},{"taxonomy":"post_tag","embeddable":true,"href":"https:\/\/archive.sana.sy\/tr\/index.php?rest_route=%2Fwp%2Fv2%2Ftags&post=82767"}],"curies":[{"name":"wp","href":"https:\/\/api.w.org\/{rel}","templated":true}]}}