{"id":82781,"date":"2016-08-07T21:30:09","date_gmt":"2016-08-07T18:30:09","guid":{"rendered":"http:\/\/www.sana.sy\/tr\/?p=82781"},"modified":"2016-08-08T12:04:50","modified_gmt":"2016-08-08T09:04:50","slug":"iscilerin-taleplerinin-karsilanmasi-yontemleri-tartisildi","status":"publish","type":"post","link":"https:\/\/archive.sana.sy\/tr\/?p=82781","title":{"rendered":"\u0130\u015f\u00e7ilerin Taleplerinin Kar\u015f\u0131lanmas\u0131 Y\u00f6ntemleri Tart\u0131\u015f\u0131ld\u0131"},"content":{"rendered":"<p>\u015eAM \u2013 H\u00fck\u00fcmetin, Ba\u015fbakan \u0130mad el Hamis Ba\u015fkanl\u0131\u011f\u0131nda \u0130\u015f\u00e7i Sendikalar\u0131 Konfederasyonu ile d\u00fczenledi\u011fi toplant\u0131; Suriye\u2019ye dayat\u0131lan ter\u00f6r sava\u015f\u0131 s\u0131ras\u0131nda \u00fcretim faaliyetlerinin d\u0131\u015f\u0131nda kalan i\u015f\u00e7i g\u00fcc\u00fcn\u00fcn de\u011ferlendirilmesi i\u00e7in yat\u0131r\u0131m-\u00e7al\u0131\u015fma projesinin tamamlanmas\u0131yla noktaland\u0131.<\/p>\n<p>Ter\u00f6r sald\u0131r\u0131lar\u0131n\u0131n i\u015f\u00e7i s\u0131n\u0131f\u0131 \u00fczerindeki etkileri ile m\u00fccadelede h\u00fck\u00fcmet ile i\u015f\u00e7i konfederasyonu aras\u0131ndaki i\u015fbirli\u011fi-koordinasyonu g\u00fc\u00e7lendirme y\u00f6ntemlerine ili\u015fkin g\u00f6r\u00fc\u015f al\u0131\u015f veri\u015fi yap\u0131lan toplant\u0131da ayr\u0131ca i\u015f\u00e7ilerin talepleri ve bu taleplerin kar\u015f\u0131lanmas\u0131 ile ilgili al\u0131nabilecek icraatlar tart\u0131\u015f\u0131ld\u0131.<\/p>\n<p>\u0130\u015f\u00e7i talepleri ile ilgili H\u00fck\u00fcmet ile \u0130\u015f\u00e7i Sendikalar\u0131n\u0131n \u201cEl Ele\u201d projesinin uygulanma mekanizmas\u0131n\u0131n belirlendi\u011fi toplant\u0131da projenin uygulanmas\u0131 ile ilgili bakanl\u0131klar ile sendikalar aras\u0131nda b\u00fcrokrasi yaz\u0131\u015fmalar\u0131na tak\u0131lmadan direk koordinasyon sa\u011flanmas\u0131 gereklili\u011fine dikkat \u00e7ekildi.<\/p>\n<p>F.B.<\/p>\n","protected":false},"excerpt":{"rendered":"<p>\u015eAM \u2013 H\u00fck\u00fcmetin, Ba\u015fbakan \u0130mad el Hamis Ba\u015fkanl\u0131\u011f\u0131nda \u0130\u015f\u00e7i Sendikalar\u0131 Konfederasyonu ile d\u00fczenledi\u011fi toplant\u0131; Suriye\u2019ye dayat\u0131lan ter\u00f6r sava\u015f\u0131 s\u0131ras\u0131nda \u00fcretim faaliyetlerinin d\u0131\u015f\u0131nda kalan i\u015f\u00e7i g\u00fcc\u00fcn\u00fcn de\u011ferlendirilmesi i\u00e7in yat\u0131r\u0131m-\u00e7al\u0131\u015fma projesinin tamamlanmas\u0131yla noktaland\u0131. Ter\u00f6r sald\u0131r\u0131lar\u0131n\u0131n i\u015f\u00e7i s\u0131n\u0131f\u0131 \u00fczerindeki etkileri ile m\u00fccadelede h\u00fck\u00fcmet ile i\u015f\u00e7i konfederasyonu aras\u0131ndaki i\u015fbirli\u011fi-koordinasyonu g\u00fc\u00e7lendirme y\u00f6ntemlerine ili\u015fkin g\u00f6r\u00fc\u015f al\u0131\u015f veri\u015fi yap\u0131lan toplant\u0131da ayr\u0131ca i\u015f\u00e7ilerin &hellip;<\/p>\n","protected":false},"author":1,"featured_media":82782,"comment_status":"closed","ping_status":"closed","sticky":false,"template":"","format":"standard","meta":{"footnotes":""},"categories":[479,17988,478],"tags":[22366,23013,23014,23012],"class_list":["post-82781","post","type-post","status-publish","format-standard","has-post-thumbnail","","category-haberler-yerel","category-son-haberler","category-yerel","tag-basbakan-imad-hamis","tag-icislerin-haklari","tag-isci-sendikalari","tag-iscilerin-taleplerinin-karsilanmasi-yontemleri-tartisildi"],"_links":{"self":[{"href":"https:\/\/archive.sana.sy\/tr\/index.php?rest_route=\/wp\/v2\/posts\/82781","targetHints":{"allow":["GET"]}}],"collection":[{"href":"https:\/\/archive.sana.sy\/tr\/index.php?rest_route=\/wp\/v2\/posts"}],"about":[{"href":"https:\/\/archive.sana.sy\/tr\/index.php?rest_route=\/wp\/v2\/types\/post"}],"author":[{"embeddable":true,"href":"https:\/\/archive.sana.sy\/tr\/index.php?rest_route=\/wp\/v2\/users\/1"}],"replies":[{"embeddable":true,"href":"https:\/\/archive.sana.sy\/tr\/index.php?rest_route=%2Fwp%2Fv2%2Fcomments&post=82781"}],"version-history":[{"count":0,"href":"https:\/\/archive.sana.sy\/tr\/index.php?rest_route=\/wp\/v2\/posts\/82781\/revisions"}],"wp:featuredmedia":[{"embeddable":true,"href":"https:\/\/archive.sana.sy\/tr\/index.php?rest_route=\/wp\/v2\/media\/82782"}],"wp:attachment":[{"href":"https:\/\/archive.sana.sy\/tr\/index.php?rest_route=%2Fwp%2Fv2%2Fmedia&parent=82781"}],"wp:term":[{"taxonomy":"category","embeddable":true,"href":"https:\/\/archive.sana.sy\/tr\/index.php?rest_route=%2Fwp%2Fv2%2Fcategories&post=82781"},{"taxonomy":"post_tag","embeddable":true,"href":"https:\/\/archive.sana.sy\/tr\/index.php?rest_route=%2Fwp%2Fv2%2Ftags&post=82781"}],"curies":[{"name":"wp","href":"https:\/\/api.w.org\/{rel}","templated":true}]}}