{"id":82858,"date":"2016-08-08T16:43:01","date_gmt":"2016-08-08T13:43:01","guid":{"rendered":"http:\/\/www.sana.sy\/tr\/?p=82858"},"modified":"2016-08-09T14:31:25","modified_gmt":"2016-08-09T11:31:25","slug":"kurbanlar-arsinda-cocuklar-var","status":"publish","type":"post","link":"https:\/\/archive.sana.sy\/tr\/?p=82858","title":{"rendered":"Kurbanlar Ars\u0131nda \u00c7ocuklar var"},"content":{"rendered":"<p>HALEP \u2013 Sivillere y\u00f6nelik sald\u0131r\u0131lar\u0131n\u0131 s\u00fcrd\u00fcren ter\u00f6ristlerin geli\u015fig\u00fczel sald\u0131r\u0131lar\u0131nda bug\u00fcn yine \u00e7ocuklar kurban gitti.<\/p>\n<p>Halep Emniyet M\u00fcd\u00fcrl\u00fc\u011f\u00fcnde yetkili bir kaynak SANA\u2019ya a\u00e7\u0131klamas\u0131nda; ter\u00f6ristlerin f\u0131rlatt\u0131\u011f\u0131 2 f\u00fczenin Sadullah el Cabiri Meydan\u0131 civar\u0131na d\u00fc\u015fmeleri sonucunda aralar\u0131nda 6 \u00e7ocu\u011fun bulundu\u011fu 9 vatanda\u015f\u0131n yaraland\u0131\u011f\u0131n\u0131 ifade etti.<\/p>\n<p>M.M.<\/p>\n","protected":false},"excerpt":{"rendered":"<p>HALEP \u2013 Sivillere y\u00f6nelik sald\u0131r\u0131lar\u0131n\u0131 s\u00fcrd\u00fcren ter\u00f6ristlerin geli\u015fig\u00fczel sald\u0131r\u0131lar\u0131nda bug\u00fcn yine \u00e7ocuklar kurban gitti. Halep Emniyet M\u00fcd\u00fcrl\u00fc\u011f\u00fcnde yetkili bir kaynak SANA\u2019ya a\u00e7\u0131klamas\u0131nda; ter\u00f6ristlerin f\u0131rlatt\u0131\u011f\u0131 2 f\u00fczenin Sadullah el Cabiri Meydan\u0131 civar\u0131na d\u00fc\u015fmeleri sonucunda aralar\u0131nda 6 \u00e7ocu\u011fun bulundu\u011fu 9 vatanda\u015f\u0131n yaraland\u0131\u011f\u0131n\u0131 ifade etti. M.M.<\/p>\n","protected":false},"author":1,"featured_media":82859,"comment_status":"closed","ping_status":"closed","sticky":false,"template":"","format":"standard","meta":{"footnotes":""},"categories":[479,575,17988,478],"tags":[],"class_list":["post-82858","post","type-post","status-publish","format-standard","has-post-thumbnail","","category-haberler-yerel","category-olaylar-ve-gercekler","category-son-haberler","category-yerel"],"_links":{"self":[{"href":"https:\/\/archive.sana.sy\/tr\/index.php?rest_route=\/wp\/v2\/posts\/82858","targetHints":{"allow":["GET"]}}],"collection":[{"href":"https:\/\/archive.sana.sy\/tr\/index.php?rest_route=\/wp\/v2\/posts"}],"about":[{"href":"https:\/\/archive.sana.sy\/tr\/index.php?rest_route=\/wp\/v2\/types\/post"}],"author":[{"embeddable":true,"href":"https:\/\/archive.sana.sy\/tr\/index.php?rest_route=\/wp\/v2\/users\/1"}],"replies":[{"embeddable":true,"href":"https:\/\/archive.sana.sy\/tr\/index.php?rest_route=%2Fwp%2Fv2%2Fcomments&post=82858"}],"version-history":[{"count":0,"href":"https:\/\/archive.sana.sy\/tr\/index.php?rest_route=\/wp\/v2\/posts\/82858\/revisions"}],"wp:featuredmedia":[{"embeddable":true,"href":"https:\/\/archive.sana.sy\/tr\/index.php?rest_route=\/wp\/v2\/media\/82859"}],"wp:attachment":[{"href":"https:\/\/archive.sana.sy\/tr\/index.php?rest_route=%2Fwp%2Fv2%2Fmedia&parent=82858"}],"wp:term":[{"taxonomy":"category","embeddable":true,"href":"https:\/\/archive.sana.sy\/tr\/index.php?rest_route=%2Fwp%2Fv2%2Fcategories&post=82858"},{"taxonomy":"post_tag","embeddable":true,"href":"https:\/\/archive.sana.sy\/tr\/index.php?rest_route=%2Fwp%2Fv2%2Ftags&post=82858"}],"curies":[{"name":"wp","href":"https:\/\/api.w.org\/{rel}","templated":true}]}}