{"id":82870,"date":"2016-08-08T21:30:06","date_gmt":"2016-08-08T18:30:06","guid":{"rendered":"http:\/\/www.sana.sy\/tr\/?p=82870"},"modified":"2016-08-09T14:31:16","modified_gmt":"2016-08-09T11:31:16","slug":"kensabba-ve-civarindaki-tum-tepeler-ordunun-kontrolunde-video","status":"publish","type":"post","link":"https:\/\/archive.sana.sy\/tr\/?p=82870","title":{"rendered":"Kensabba ve Civar\u0131ndaki T\u00fcm Tepeler Ordunun Kontrol\u00fcnde (video)"},"content":{"rendered":"<p>LAZK\u0130YE \u2013 Askeri bir kaynak ordu birliklerimizin Halk Savunma G\u00fc\u00e7leri ile i\u015fbirli\u011fi i\u00e7inde bug\u00fcn Lazkiye k\u0131rsal\u0131n\u0131n kuzeyi Kensabba Beldesi ve civar\u0131ndaki tepeleri d\u0131\u015f g\u00fc\u00e7lere tabi olan ve geneli yabanc\u0131lardan olu\u015fan ter\u00f6ristlerden temizleyip kontrollerine ge\u00e7irdiklerini ilan etti.<\/p>\n<p>SANA\u2019ya a\u00e7\u0131klamas\u0131nda kaynak; Topal Tepesi e \u015eillif k\u00f6y\u00fc ve kalesinin de kontrole al\u0131nd\u0131\u011f\u0131 operasyonlarda geneli yabanc\u0131 olan y\u00fcksek say\u0131da ter\u00f6ristin \u00f6ld\u00fcr\u00fcld\u00fc\u011f\u00fcn\u00fc, ara\u00e7 ve cephanelerinin de imha edildi\u011fini ifade etti.<\/p>\n<p>Kaynak ter\u00f6ristlerin Lazkiye k\u0131rsal\u0131nda en \u00f6nemli karargahlar\u0131ndan biri say\u0131lan Kensabba Beldesi ve civar\u0131ndaki tepelerin kontrole al\u0131nmalar\u0131 ard\u0131ndan ordu birliklerimizin Lazkiye k\u0131rsal\u0131nda operasyonlar\u0131n\u0131 geni\u015fleteceklerini s\u00f6yledi.<\/p>\n<p>https:\/\/www.youtube.com\/watch?time_continue=3&#038;v=K3E0bDLs5uk<\/p>\n<p>F.B. &#8211; R.H.<\/p>\n","protected":false},"excerpt":{"rendered":"<p>LAZK\u0130YE \u2013 Askeri bir kaynak ordu birliklerimizin Halk Savunma G\u00fc\u00e7leri ile i\u015fbirli\u011fi i\u00e7inde bug\u00fcn Lazkiye k\u0131rsal\u0131n\u0131n kuzeyi Kensabba Beldesi ve civar\u0131ndaki tepeleri d\u0131\u015f g\u00fc\u00e7lere tabi olan ve geneli yabanc\u0131lardan olu\u015fan ter\u00f6ristlerden temizleyip kontrollerine ge\u00e7irdiklerini ilan etti. SANA\u2019ya a\u00e7\u0131klamas\u0131nda kaynak; Topal Tepesi e \u015eillif k\u00f6y\u00fc ve kalesinin de kontrole al\u0131nd\u0131\u011f\u0131 operasyonlarda geneli yabanc\u0131 olan y\u00fcksek say\u0131da &hellip;<\/p>\n","protected":false},"author":1,"featured_media":82874,"comment_status":"closed","ping_status":"closed","sticky":false,"template":"","format":"standard","meta":{"footnotes":""},"categories":[479,575,17988,478],"tags":[23027],"class_list":["post-82870","post","type-post","status-publish","format-standard","has-post-thumbnail","","category-haberler-yerel","category-olaylar-ve-gercekler","category-son-haberler","category-yerel","tag-kensabba-ve-civarindaki-tum-tepeler-ordunun-kontrolunde"],"_links":{"self":[{"href":"https:\/\/archive.sana.sy\/tr\/index.php?rest_route=\/wp\/v2\/posts\/82870","targetHints":{"allow":["GET"]}}],"collection":[{"href":"https:\/\/archive.sana.sy\/tr\/index.php?rest_route=\/wp\/v2\/posts"}],"about":[{"href":"https:\/\/archive.sana.sy\/tr\/index.php?rest_route=\/wp\/v2\/types\/post"}],"author":[{"embeddable":true,"href":"https:\/\/archive.sana.sy\/tr\/index.php?rest_route=\/wp\/v2\/users\/1"}],"replies":[{"embeddable":true,"href":"https:\/\/archive.sana.sy\/tr\/index.php?rest_route=%2Fwp%2Fv2%2Fcomments&post=82870"}],"version-history":[{"count":0,"href":"https:\/\/archive.sana.sy\/tr\/index.php?rest_route=\/wp\/v2\/posts\/82870\/revisions"}],"wp:featuredmedia":[{"embeddable":true,"href":"https:\/\/archive.sana.sy\/tr\/index.php?rest_route=\/wp\/v2\/media\/82874"}],"wp:attachment":[{"href":"https:\/\/archive.sana.sy\/tr\/index.php?rest_route=%2Fwp%2Fv2%2Fmedia&parent=82870"}],"wp:term":[{"taxonomy":"category","embeddable":true,"href":"https:\/\/archive.sana.sy\/tr\/index.php?rest_route=%2Fwp%2Fv2%2Fcategories&post=82870"},{"taxonomy":"post_tag","embeddable":true,"href":"https:\/\/archive.sana.sy\/tr\/index.php?rest_route=%2Fwp%2Fv2%2Ftags&post=82870"}],"curies":[{"name":"wp","href":"https:\/\/api.w.org\/{rel}","templated":true}]}}