{"id":82876,"date":"2016-08-08T22:00:13","date_gmt":"2016-08-08T19:00:13","guid":{"rendered":"http:\/\/www.sana.sy\/tr\/?p=82876"},"modified":"2016-08-09T14:31:13","modified_gmt":"2016-08-09T11:31:13","slug":"misirda-suriye-ordusunun-basarilari-sergilendi","status":"publish","type":"post","link":"https:\/\/archive.sana.sy\/tr\/?p=82876","title":{"rendered":"M\u0131s\u0131r\u2019da Suriye Ordusunun Ba\u015far\u0131lar\u0131 Sergilendi"},"content":{"rendered":"<p>KAH\u0130RE \u2013 M\u0131s\u0131r\u2019\u0131n ba\u015fkenti Kahire\u2019de bulunan Suriye Konsoloslu\u011fu Ulusal \u00d6\u011frenci Birli\u011finin M\u0131s\u0131r \u015fubesi ile i\u015fbirli\u011fi i\u00e7inde bug\u00fcn Suriye ordusunun ter\u00f6re kar\u015f\u0131 ba\u015far\u0131lar\u0131na \u0131\u015f\u0131k tutan bir foto\u011fraf sergisi d\u00fczenledi.<\/p>\n<p>Ordu Bayram\u0131 m\u00fcnasebetiyle d\u00fczenlenen ve 15 g\u00fcn s\u00fcrecek olan foto\u011fraf sergisinde Siyo-Amerikan planlar\u0131n\u0131 Suriye&#8217;de hayata ge\u00e7irmede edat olarak kullan\u0131lan tekfirci ter\u00f6re kar\u015f\u0131 Suriye ordusunun \u015fanl\u0131 m\u00fccadelesi foto\u011fraflarla somutla\u015ft\u0131r\u0131ld\u0131.<\/p>\n<div id='gallery-1' class='gallery galleryid-82876 gallery-columns-3 gallery-size-medium'><figure class='gallery-item'>\n\t\t\t<div class='gallery-icon landscape'>\n\t\t\t\t<a href='https:\/\/archive.sana.sy\/tr\/wp-content\/uploads\/2016\/08\/2-19.jpg'><img loading=\"lazy\" decoding=\"async\" width=\"300\" height=\"188\" src=\"https:\/\/archive.sana.sy\/tr\/wp-content\/uploads\/2016\/08\/2-19-300x188.jpg\" class=\"attachment-medium size-medium\" alt=\"\" srcset=\"https:\/\/archive.sana.sy\/tr\/wp-content\/uploads\/2016\/08\/2-19-300x188.jpg 300w, https:\/\/archive.sana.sy\/tr\/wp-content\/uploads\/2016\/08\/2-19-150x94.jpg 150w, https:\/\/archive.sana.sy\/tr\/wp-content\/uploads\/2016\/08\/2-19-768x482.jpg 768w, https:\/\/archive.sana.sy\/tr\/wp-content\/uploads\/2016\/08\/2-19-1024x643.jpg 1024w, https:\/\/archive.sana.sy\/tr\/wp-content\/uploads\/2016\/08\/2-19.jpg 1260w\" sizes=\"auto, (max-width: 300px) 100vw, 300px\" \/><\/a>\n\t\t\t<\/div><\/figure><figure class='gallery-item'>\n\t\t\t<div class='gallery-icon landscape'>\n\t\t\t\t<a href='https:\/\/archive.sana.sy\/tr\/wp-content\/uploads\/2016\/08\/3-13.jpg'><img loading=\"lazy\" decoding=\"async\" width=\"300\" height=\"194\" src=\"https:\/\/archive.sana.sy\/tr\/wp-content\/uploads\/2016\/08\/3-13-300x194.jpg\" class=\"attachment-medium size-medium\" alt=\"\" srcset=\"https:\/\/archive.sana.sy\/tr\/wp-content\/uploads\/2016\/08\/3-13-300x194.jpg 300w, https:\/\/archive.sana.sy\/tr\/wp-content\/uploads\/2016\/08\/3-13-150x97.jpg 150w, https:\/\/archive.sana.sy\/tr\/wp-content\/uploads\/2016\/08\/3-13-768x497.jpg 768w, https:\/\/archive.sana.sy\/tr\/wp-content\/uploads\/2016\/08\/3-13-1024x663.jpg 1024w, https:\/\/archive.sana.sy\/tr\/wp-content\/uploads\/2016\/08\/3-13.jpg 1258w\" sizes=\"auto, (max-width: 300px) 100vw, 300px\" \/><\/a>\n\t\t\t<\/div><\/figure><figure class='gallery-item'>\n\t\t\t<div class='gallery-icon landscape'>\n\t\t\t\t<a href='https:\/\/archive.sana.sy\/tr\/wp-content\/uploads\/2016\/08\/4-10.jpg'><img loading=\"lazy\" decoding=\"async\" width=\"300\" height=\"197\" src=\"https:\/\/archive.sana.sy\/tr\/wp-content\/uploads\/2016\/08\/4-10-300x197.jpg\" class=\"attachment-medium size-medium\" alt=\"\" srcset=\"https:\/\/archive.sana.sy\/tr\/wp-content\/uploads\/2016\/08\/4-10-300x197.jpg 300w, https:\/\/archive.sana.sy\/tr\/wp-content\/uploads\/2016\/08\/4-10-150x98.jpg 150w, https:\/\/archive.sana.sy\/tr\/wp-content\/uploads\/2016\/08\/4-10-768x504.jpg 768w, https:\/\/archive.sana.sy\/tr\/wp-content\/uploads\/2016\/08\/4-10-1024x672.jpg 1024w, https:\/\/archive.sana.sy\/tr\/wp-content\/uploads\/2016\/08\/4-10-310x205.jpg 310w, https:\/\/archive.sana.sy\/tr\/wp-content\/uploads\/2016\/08\/4-10.jpg 1260w\" sizes=\"auto, (max-width: 300px) 100vw, 300px\" \/><\/a>\n\t\t\t<\/div><\/figure>\n\t\t<\/div>\n\n<p>F.B. &#8211; R.H.<\/p>\n","protected":false},"excerpt":{"rendered":"<p>KAH\u0130RE \u2013 M\u0131s\u0131r\u2019\u0131n ba\u015fkenti Kahire\u2019de bulunan Suriye Konsoloslu\u011fu Ulusal \u00d6\u011frenci Birli\u011finin M\u0131s\u0131r \u015fubesi ile i\u015fbirli\u011fi i\u00e7inde bug\u00fcn Suriye ordusunun ter\u00f6re kar\u015f\u0131 ba\u015far\u0131lar\u0131na \u0131\u015f\u0131k tutan bir foto\u011fraf sergisi d\u00fczenledi. Ordu Bayram\u0131 m\u00fcnasebetiyle d\u00fczenlenen ve 15 g\u00fcn s\u00fcrecek olan foto\u011fraf sergisinde Siyo-Amerikan planlar\u0131n\u0131 Suriye&#8217;de hayata ge\u00e7irmede edat olarak kullan\u0131lan tekfirci ter\u00f6re kar\u015f\u0131 Suriye ordusunun \u015fanl\u0131 m\u00fccadelesi foto\u011fraflarla &hellip;<\/p>\n","protected":false},"author":1,"featured_media":82880,"comment_status":"closed","ping_status":"closed","sticky":false,"template":"","format":"standard","meta":{"footnotes":""},"categories":[458,459,17988],"tags":[23028],"class_list":["post-82876","post","type-post","status-publish","format-standard","has-post-thumbnail","","category-dunya1","category-haberler-arap-uluslararasi-politika","category-son-haberler","tag-misirda-suriye-ordusunun-basarilari-sergilendi"],"_links":{"self":[{"href":"https:\/\/archive.sana.sy\/tr\/index.php?rest_route=\/wp\/v2\/posts\/82876","targetHints":{"allow":["GET"]}}],"collection":[{"href":"https:\/\/archive.sana.sy\/tr\/index.php?rest_route=\/wp\/v2\/posts"}],"about":[{"href":"https:\/\/archive.sana.sy\/tr\/index.php?rest_route=\/wp\/v2\/types\/post"}],"author":[{"embeddable":true,"href":"https:\/\/archive.sana.sy\/tr\/index.php?rest_route=\/wp\/v2\/users\/1"}],"replies":[{"embeddable":true,"href":"https:\/\/archive.sana.sy\/tr\/index.php?rest_route=%2Fwp%2Fv2%2Fcomments&post=82876"}],"version-history":[{"count":0,"href":"https:\/\/archive.sana.sy\/tr\/index.php?rest_route=\/wp\/v2\/posts\/82876\/revisions"}],"wp:featuredmedia":[{"embeddable":true,"href":"https:\/\/archive.sana.sy\/tr\/index.php?rest_route=\/wp\/v2\/media\/82880"}],"wp:attachment":[{"href":"https:\/\/archive.sana.sy\/tr\/index.php?rest_route=%2Fwp%2Fv2%2Fmedia&parent=82876"}],"wp:term":[{"taxonomy":"category","embeddable":true,"href":"https:\/\/archive.sana.sy\/tr\/index.php?rest_route=%2Fwp%2Fv2%2Fcategories&post=82876"},{"taxonomy":"post_tag","embeddable":true,"href":"https:\/\/archive.sana.sy\/tr\/index.php?rest_route=%2Fwp%2Fv2%2Ftags&post=82876"}],"curies":[{"name":"wp","href":"https:\/\/api.w.org\/{rel}","templated":true}]}}