{"id":82891,"date":"2016-08-09T09:13:30","date_gmt":"2016-08-09T06:13:30","guid":{"rendered":"http:\/\/www.sana.sy\/tr\/?p=82891"},"modified":"2016-08-09T12:44:46","modified_gmt":"2016-08-09T09:44:46","slug":"askeri-kaynak-ordu-birliklerimizin-isgalci-israil-destegi-ve-komutasinda-derada-faaliyet-gosteren-nusra-cephesinin-yani-sira-muttefikleri-olan-diger-teror-orgutlerin-dera-beled-bolgesinin-muh","status":"publish","type":"post","link":"https:\/\/archive.sana.sy\/tr\/?p=82891","title":{"rendered":"Askeri kaynak ordu birliklerimizin i\u015fgalci \u0130srail deste\u011fi ve komutas\u0131nda Dera\u2019da faaliyet g\u00f6steren Nusra Cephesinin yan\u0131 s\u0131ra m\u00fcttefikleri olan di\u011fer ter\u00f6r \u00f6rg\u00fctlerin Dera Beled B\u00f6lgesinin muhtelif b\u00f6lgelerinde mevki ve hareketlenmelerini ate\u015fe tuttuklar\u0131n\u0131 belirtti."},"content":{"rendered":"<p>Askeri kaynak ordu birliklerimizin i\u015fgalci \u0130srail deste\u011fi ve komutas\u0131nda Dera\u2019da faaliyet g\u00f6steren Nusra Cephesinin yan\u0131 s\u0131ra m\u00fcttefikleri olan di\u011fer ter\u00f6r \u00f6rg\u00fctlerin Dera Beled B\u00f6lgesinin muhtelif b\u00f6lgelerinde mevki ve hareketlenmelerini ate\u015fe tuttuklar\u0131n\u0131 belirtti.<\/p>\n","protected":false},"excerpt":{"rendered":"<p>Askeri kaynak ordu birliklerimizin i\u015fgalci \u0130srail deste\u011fi ve komutas\u0131nda Dera\u2019da faaliyet g\u00f6steren Nusra Cephesinin yan\u0131 s\u0131ra m\u00fcttefikleri olan di\u011fer ter\u00f6r \u00f6rg\u00fctlerin Dera Beled B\u00f6lgesinin muhtelif b\u00f6lgelerinde mevki ve hareketlenmelerini ate\u015fe tuttuklar\u0131n\u0131 belirtti.<\/p>\n","protected":false},"author":1,"featured_media":0,"comment_status":"closed","ping_status":"closed","sticky":false,"template":"","format":"standard","meta":{"footnotes":""},"categories":[17991],"tags":[],"class_list":["post-82891","post","type-post","status-publish","format-standard","","category-son-dakika"],"_links":{"self":[{"href":"https:\/\/archive.sana.sy\/tr\/index.php?rest_route=\/wp\/v2\/posts\/82891","targetHints":{"allow":["GET"]}}],"collection":[{"href":"https:\/\/archive.sana.sy\/tr\/index.php?rest_route=\/wp\/v2\/posts"}],"about":[{"href":"https:\/\/archive.sana.sy\/tr\/index.php?rest_route=\/wp\/v2\/types\/post"}],"author":[{"embeddable":true,"href":"https:\/\/archive.sana.sy\/tr\/index.php?rest_route=\/wp\/v2\/users\/1"}],"replies":[{"embeddable":true,"href":"https:\/\/archive.sana.sy\/tr\/index.php?rest_route=%2Fwp%2Fv2%2Fcomments&post=82891"}],"version-history":[{"count":0,"href":"https:\/\/archive.sana.sy\/tr\/index.php?rest_route=\/wp\/v2\/posts\/82891\/revisions"}],"wp:attachment":[{"href":"https:\/\/archive.sana.sy\/tr\/index.php?rest_route=%2Fwp%2Fv2%2Fmedia&parent=82891"}],"wp:term":[{"taxonomy":"category","embeddable":true,"href":"https:\/\/archive.sana.sy\/tr\/index.php?rest_route=%2Fwp%2Fv2%2Fcategories&post=82891"},{"taxonomy":"post_tag","embeddable":true,"href":"https:\/\/archive.sana.sy\/tr\/index.php?rest_route=%2Fwp%2Fv2%2Ftags&post=82891"}],"curies":[{"name":"wp","href":"https:\/\/api.w.org\/{rel}","templated":true}]}}