{"id":82898,"date":"2016-08-09T12:34:16","date_gmt":"2016-08-09T09:34:16","guid":{"rendered":"http:\/\/www.sana.sy\/tr\/?p=82898"},"modified":"2016-08-09T12:34:16","modified_gmt":"2016-08-09T09:34:16","slug":"ucuncu-izciler-ekibi-hamada-besinci-kampini-kurdu","status":"publish","type":"post","link":"https:\/\/archive.sana.sy\/tr\/?p=82898","title":{"rendered":"\u00dc\u00e7\u00fcnc\u00fc \u0130zciler Ekibi Hama\u2019da be\u015finci kamp\u0131n\u0131 kurdu"},"content":{"rendered":"<p>\u00dc\u00e7\u00fcnc\u00fc \u0130zciler Ekibi Hama\u2019da be\u015finci kamp\u0131n\u0131 kurdu<\/p>\n","protected":false},"excerpt":{"rendered":"<p>\u00dc\u00e7\u00fcnc\u00fc \u0130zciler Ekibi Hama\u2019da be\u015finci kamp\u0131n\u0131 kurdu<\/p>\n","protected":false},"author":1,"featured_media":82900,"comment_status":"closed","ping_status":"closed","sticky":false,"template":"","format":"standard","meta":{"footnotes":""},"categories":[573],"tags":[23030],"class_list":["post-82898","post","type-post","status-publish","format-standard","has-post-thumbnail","","category-goruntulu-olaylar","tag-ucuncu-izciler-ekibi-hamada-besinci-kampini-kurdu"],"_links":{"self":[{"href":"https:\/\/archive.sana.sy\/tr\/index.php?rest_route=\/wp\/v2\/posts\/82898","targetHints":{"allow":["GET"]}}],"collection":[{"href":"https:\/\/archive.sana.sy\/tr\/index.php?rest_route=\/wp\/v2\/posts"}],"about":[{"href":"https:\/\/archive.sana.sy\/tr\/index.php?rest_route=\/wp\/v2\/types\/post"}],"author":[{"embeddable":true,"href":"https:\/\/archive.sana.sy\/tr\/index.php?rest_route=\/wp\/v2\/users\/1"}],"replies":[{"embeddable":true,"href":"https:\/\/archive.sana.sy\/tr\/index.php?rest_route=%2Fwp%2Fv2%2Fcomments&post=82898"}],"version-history":[{"count":0,"href":"https:\/\/archive.sana.sy\/tr\/index.php?rest_route=\/wp\/v2\/posts\/82898\/revisions"}],"wp:featuredmedia":[{"embeddable":true,"href":"https:\/\/archive.sana.sy\/tr\/index.php?rest_route=\/wp\/v2\/media\/82900"}],"wp:attachment":[{"href":"https:\/\/archive.sana.sy\/tr\/index.php?rest_route=%2Fwp%2Fv2%2Fmedia&parent=82898"}],"wp:term":[{"taxonomy":"category","embeddable":true,"href":"https:\/\/archive.sana.sy\/tr\/index.php?rest_route=%2Fwp%2Fv2%2Fcategories&post=82898"},{"taxonomy":"post_tag","embeddable":true,"href":"https:\/\/archive.sana.sy\/tr\/index.php?rest_route=%2Fwp%2Fv2%2Ftags&post=82898"}],"curies":[{"name":"wp","href":"https:\/\/api.w.org\/{rel}","templated":true}]}}