{"id":82941,"date":"2016-08-09T09:00:48","date_gmt":"2016-08-09T06:00:48","guid":{"rendered":"http:\/\/www.sana.sy\/tr\/?p=82941"},"modified":"2016-08-10T11:18:08","modified_gmt":"2016-08-10T08:18:08","slug":"terore-ortu-ve-koruma-teskil-ediyor","status":"publish","type":"post","link":"https:\/\/archive.sana.sy\/tr\/?p=82941","title":{"rendered":"Ter\u00f6re \u00d6rt\u00fc ve Koruma Te\u015fkil Ediyor"},"content":{"rendered":"<p>MOSKOVA \u2013 Rusya\u2019n\u0131n BM Daimi Temsilci Yard\u0131mc\u0131s\u0131 Vladimir Safronkov Suriye&#8217;deki krize \u00e7\u00f6z\u00fcm bulman\u0131n tek yolunun ter\u00f6re kar\u015f\u0131 ciddi ve etkin \u00e7abalar\u0131n birle\u015ftirilmesiyle birlikte Suriyeliler aras\u0131nda d\u0131\u015f m\u00fcdahale olmaks\u0131z\u0131n diyalog g\u00f6r\u00fc\u015fmelerinin ba\u015flamas\u0131 oldu\u011funu vurgulad\u0131.<\/p>\n<p>BMGK\u2019nin oturumunda konu\u015fan Safronkov; d\u0131\u015far\u0131dan \u00e7\u00f6z\u00fcm dayatma \u00e7abalar\u0131n\u0131n Suriye ve t\u00fcm b\u00f6lgede istikrars\u0131zl\u0131k ve kaosu t\u0131rmand\u0131raca\u011f\u0131n\u0131n alt\u0131n\u0131 \u00e7izdi.<\/p>\n<p>Safronkov Suriye&#8217;deki insani durumlar\u0131n politikle\u015ftirilmemesi ve bu durumun f\u0131rsat olarak kullan\u0131lmamas\u0131 gere\u011finin alt\u0131n\u0131 \u00e7izerken, bunun kas\u0131tl\u0131 yada kas\u0131ts\u0131z olarak ter\u00f6ristlere \u00f6rt\u00fc ve koruma temin etti\u011fini vurgulad\u0131. Ter\u00f6r \u00f6rg\u00fctleri ve daha ba\u015fka taraflar\u0131n Halep\u2019in do\u011fusunda sivilleri canl\u0131 kalkan olarak kulland\u0131klar\u0131n\u0131 belirten Safronkov; insani yard\u0131m ge\u00e7itlerine sald\u0131ran bu gruplar\u0131n, insani yard\u0131mlar\u0131 da gasp edip \u00e7ald\u0131klar\u0131n\u0131 s\u00f6yledi.<\/p>\n<p>Kimi devletlerin Suriye&#8217;de \u2018\u0131l\u0131ml\u0131 muhalifler\u2019 ad\u0131n\u0131 verdikleri silahl\u0131 gruplar\u0131 BMGK\u2019nin ter\u00f6r \u00f6rg\u00fctleri olarak belirledi\u011fi ter\u00f6r \u00f6rg\u00fctlerden ay\u0131rmada niyet ya da ciddiyeti olmad\u0131\u011f\u0131na dikkat \u00e7eken Safronkov; Suriye&#8217;de ter\u00f6r\u00fcn devam etmesini isteyen bu taraflar\u0131n ayn\u0131s\u0131n\u0131n insani durumlar\u0131n siyasi ticaretini yapt\u0131klar\u0131n\u0131 ifade etti.<\/p>\n<p>ABD\u2019nin Suriye\u2019deki ter\u00f6ristleri ve \u0131l\u0131ml\u0131 muhalefeti ay\u0131rma y\u00f6n\u00fcnde \u015fubat ay\u0131nda verdi\u011fi s\u00f6z\u00fc tutmad\u0131\u011f\u0131n\u0131 belirten Safronkov, Rusya\u2019n\u0131n hala daha I\u015e\u0130D\u2019e kar\u015f\u0131 sava\u015fmaya haz\u0131r gruplar\u0131n koordinatlar\u0131n\u0131 almad\u0131\u011f\u0131n\u0131 s\u00f6yledi. Safronkov bu konuda ilerleme eksikli\u011finin ter\u00f6ristleri jeopolitik ama\u00e7larla kullanma iste\u011finden kaynakland\u0131\u011f\u0131n\u0131 kaydetti.<\/p>\n<p>R.H.<\/p>\n","protected":false},"excerpt":{"rendered":"<p>MOSKOVA \u2013 Rusya\u2019n\u0131n BM Daimi Temsilci Yard\u0131mc\u0131s\u0131 Vladimir Safronkov Suriye&#8217;deki krize \u00e7\u00f6z\u00fcm bulman\u0131n tek yolunun ter\u00f6re kar\u015f\u0131 ciddi ve etkin \u00e7abalar\u0131n birle\u015ftirilmesiyle birlikte Suriyeliler aras\u0131nda d\u0131\u015f m\u00fcdahale olmaks\u0131z\u0131n diyalog g\u00f6r\u00fc\u015fmelerinin ba\u015flamas\u0131 oldu\u011funu vurgulad\u0131. BMGK\u2019nin oturumunda konu\u015fan Safronkov; d\u0131\u015far\u0131dan \u00e7\u00f6z\u00fcm dayatma \u00e7abalar\u0131n\u0131n Suriye ve t\u00fcm b\u00f6lgede istikrars\u0131zl\u0131k ve kaosu t\u0131rmand\u0131raca\u011f\u0131n\u0131n alt\u0131n\u0131 \u00e7izdi. Safronkov Suriye&#8217;deki insani durumlar\u0131n &hellip;<\/p>\n","protected":false},"author":1,"featured_media":82942,"comment_status":"closed","ping_status":"closed","sticky":false,"template":"","format":"standard","meta":{"footnotes":""},"categories":[458,459,17988],"tags":[23039],"class_list":["post-82941","post","type-post","status-publish","format-standard","has-post-thumbnail","","category-dunya1","category-haberler-arap-uluslararasi-politika","category-son-haberler","tag-terore-ortu-ve-koruma-teskil-ediyor"],"_links":{"self":[{"href":"https:\/\/archive.sana.sy\/tr\/index.php?rest_route=\/wp\/v2\/posts\/82941","targetHints":{"allow":["GET"]}}],"collection":[{"href":"https:\/\/archive.sana.sy\/tr\/index.php?rest_route=\/wp\/v2\/posts"}],"about":[{"href":"https:\/\/archive.sana.sy\/tr\/index.php?rest_route=\/wp\/v2\/types\/post"}],"author":[{"embeddable":true,"href":"https:\/\/archive.sana.sy\/tr\/index.php?rest_route=\/wp\/v2\/users\/1"}],"replies":[{"embeddable":true,"href":"https:\/\/archive.sana.sy\/tr\/index.php?rest_route=%2Fwp%2Fv2%2Fcomments&post=82941"}],"version-history":[{"count":0,"href":"https:\/\/archive.sana.sy\/tr\/index.php?rest_route=\/wp\/v2\/posts\/82941\/revisions"}],"wp:featuredmedia":[{"embeddable":true,"href":"https:\/\/archive.sana.sy\/tr\/index.php?rest_route=\/wp\/v2\/media\/82942"}],"wp:attachment":[{"href":"https:\/\/archive.sana.sy\/tr\/index.php?rest_route=%2Fwp%2Fv2%2Fmedia&parent=82941"}],"wp:term":[{"taxonomy":"category","embeddable":true,"href":"https:\/\/archive.sana.sy\/tr\/index.php?rest_route=%2Fwp%2Fv2%2Fcategories&post=82941"},{"taxonomy":"post_tag","embeddable":true,"href":"https:\/\/archive.sana.sy\/tr\/index.php?rest_route=%2Fwp%2Fv2%2Ftags&post=82941"}],"curies":[{"name":"wp","href":"https:\/\/api.w.org\/{rel}","templated":true}]}}