{"id":82949,"date":"2016-08-09T11:26:57","date_gmt":"2016-08-09T08:26:57","guid":{"rendered":"http:\/\/www.sana.sy\/tr\/?p=82949"},"modified":"2016-08-09T14:14:56","modified_gmt":"2016-08-09T11:14:56","slug":"kimi-devletlerin-suriyede-ilimli-muhalifler-adini-verdikleri-silahli-gruplari-bmgknin-teror-orgutleri-olarak-belirledigi-teror-orgutlerden-ayirmada-niyet-ya-da-cidd","status":"publish","type":"post","link":"https:\/\/archive.sana.sy\/tr\/?p=82949","title":{"rendered":"Kimi devletlerin Suriye\u2019de \u2018\u0131l\u0131ml\u0131 muhalifler\u2019 ad\u0131n\u0131 verdikleri silahl\u0131 gruplar\u0131 BMGK\u2019nin ter\u00f6r \u00f6rg\u00fctleri olarak belirledi\u011fi ter\u00f6r \u00f6rg\u00fctlerden ay\u0131rmada niyet ya da ciddiyeti olmad\u0131\u011f\u0131na dikkat \u00e7eken Safronkov; Suriye\u2019de ter\u00f6r\u00fcn devam etmesini isteyen bu taraflar\u0131n ayn\u0131s\u0131n\u0131n insani durumlar\u0131n siyasi ticaretini yapt\u0131klar\u0131n\u0131 ifade etti."},"content":{"rendered":"<p>Kimi devletlerin Suriye\u2019de \u2018\u0131l\u0131ml\u0131 muhalifler\u2019 ad\u0131n\u0131 verdikleri silahl\u0131 gruplar\u0131 BMGK\u2019nin ter\u00f6r \u00f6rg\u00fctleri olarak belirledi\u011fi ter\u00f6r \u00f6rg\u00fctlerden ay\u0131rmada niyet ya da ciddiyeti olmad\u0131\u011f\u0131na dikkat \u00e7eken Safronkov; Suriye\u2019de ter\u00f6r\u00fcn devam etmesini isteyen bu taraflar\u0131n ayn\u0131s\u0131n\u0131n insani durumlar\u0131n siyasi ticaretini yapt\u0131klar\u0131n\u0131 ifade etti.<\/p>\n","protected":false},"excerpt":{"rendered":"<p>Kimi devletlerin Suriye\u2019de \u2018\u0131l\u0131ml\u0131 muhalifler\u2019 ad\u0131n\u0131 verdikleri silahl\u0131 gruplar\u0131 BMGK\u2019nin ter\u00f6r \u00f6rg\u00fctleri olarak belirledi\u011fi ter\u00f6r \u00f6rg\u00fctlerden ay\u0131rmada niyet ya da ciddiyeti olmad\u0131\u011f\u0131na dikkat \u00e7eken Safronkov; Suriye\u2019de ter\u00f6r\u00fcn devam etmesini isteyen bu taraflar\u0131n ayn\u0131s\u0131n\u0131n insani durumlar\u0131n siyasi ticaretini yapt\u0131klar\u0131n\u0131 ifade etti.<\/p>\n","protected":false},"author":1,"featured_media":0,"comment_status":"closed","ping_status":"closed","sticky":false,"template":"","format":"standard","meta":{"footnotes":""},"categories":[17991],"tags":[],"class_list":["post-82949","post","type-post","status-publish","format-standard","","category-son-dakika"],"_links":{"self":[{"href":"https:\/\/archive.sana.sy\/tr\/index.php?rest_route=\/wp\/v2\/posts\/82949","targetHints":{"allow":["GET"]}}],"collection":[{"href":"https:\/\/archive.sana.sy\/tr\/index.php?rest_route=\/wp\/v2\/posts"}],"about":[{"href":"https:\/\/archive.sana.sy\/tr\/index.php?rest_route=\/wp\/v2\/types\/post"}],"author":[{"embeddable":true,"href":"https:\/\/archive.sana.sy\/tr\/index.php?rest_route=\/wp\/v2\/users\/1"}],"replies":[{"embeddable":true,"href":"https:\/\/archive.sana.sy\/tr\/index.php?rest_route=%2Fwp%2Fv2%2Fcomments&post=82949"}],"version-history":[{"count":0,"href":"https:\/\/archive.sana.sy\/tr\/index.php?rest_route=\/wp\/v2\/posts\/82949\/revisions"}],"wp:attachment":[{"href":"https:\/\/archive.sana.sy\/tr\/index.php?rest_route=%2Fwp%2Fv2%2Fmedia&parent=82949"}],"wp:term":[{"taxonomy":"category","embeddable":true,"href":"https:\/\/archive.sana.sy\/tr\/index.php?rest_route=%2Fwp%2Fv2%2Fcategories&post=82949"},{"taxonomy":"post_tag","embeddable":true,"href":"https:\/\/archive.sana.sy\/tr\/index.php?rest_route=%2Fwp%2Fv2%2Ftags&post=82949"}],"curies":[{"name":"wp","href":"https:\/\/api.w.org\/{rel}","templated":true}]}}